{"id":29895,"date":"2025-02-07T11:45:11","date_gmt":"2025-02-07T11:45:11","guid":{"rendered":"https:\/\/247stiri.ro\/index.php\/2025\/02\/07\/capitala-are-un-nou-administrator-public-strategia-din-spatele-numirii-lui-lucian-judele-usr-pune-din-nou-mana-pe-spitale-si-pe-marile-parcuri-cu-girul-lui-nicusor-dan\/"},"modified":"2025-02-07T11:45:11","modified_gmt":"2025-02-07T11:45:11","slug":"capitala-are-un-nou-administrator-public-strategia-din-spatele-numirii-lui-lucian-judele-usr-pune-din-nou-mana-pe-spitale-si-pe-marile-parcuri-cu-girul-lui-nicusor-dan","status":"publish","type":"post","link":"https:\/\/247stiri.ro\/index.php\/2025\/02\/07\/capitala-are-un-nou-administrator-public-strategia-din-spatele-numirii-lui-lucian-judele-usr-pune-din-nou-mana-pe-spitale-si-pe-marile-parcuri-cu-girul-lui-nicusor-dan\/","title":{"rendered":"Capitala are un nou Administrator Public. Strategia din spatele numirii lui Lucian Judele: USR pune din nou m\u00e2na pe spitale \u0219i pe marile parcuri, cu girul lui Nicu\u0219or Dan"},"content":{"rendered":"<p>Lucian Judele a preluat, ast\u0103zi, func\u021bia de Administrator Public al Municipiului Bucure\u0219ti, dup\u0103 ce Nicu\u0219or Dan a semnat dispozi\u021bia de numire a sa, apreciind c\u0103 fostul viceprimar al Sectorului 3 este \u201eun om competent \u0219i dedicat interesului public\u201d, a transmis Prim\u0103ria Capitalei, \u00eentr-un comunicat de pres\u0103.<\/p>\n<p>\u201eAm urm\u0103rit, de-a lungul timpului, activitatea \u0219i conduita lui Lucian Judele \u0219i am apreciat profesionalismul \u0219i seriozitatea cu care acesta \u0219i-a asumat fiecare responsabilitate. Experien\u021ba sa administrativ\u0103, al\u0103turi de buna colaborare pe care am avut-o cu USR pe domenii esen\u021biale pentru Bucure\u0219ti \u2013 o colaborare confirmat\u0103 \u0219i de votul bucure\u0219tenilor \u2013 sunt garan\u021bii c\u0103 el va aduce un plus de eficien\u021b\u0103 \u0219i transparen\u021b\u0103 \u00een administra\u021bia Capitalei. Bucure\u0219tiul are nevoie de oameni competen\u021bi \u0219i dedica\u021bi interesului public, iar Lucian este exact un astfel de om\u201d, a declarat Nicu\u0219or Dan, despre numirea \u00een func\u021bie lui Judele, conform comunicatului de pres\u0103.<\/p>\n<p>Lucian Judele este \u00een prezent consilier general din partea USR \u00een Consiliul General al Municipiului Bucure\u0219ti \u0219i a fost viceprimar al Sectorului 3 \u00een mandatul 2020-2024.<\/p>\n<p>Direc\u021biile \u0219i institu\u021biile pe care noul Administrator Public le va avea \u00een coordonare sunt urm\u0103toarele:<\/p>\n<p>Direc\u021bia General\u0103 Servicii Publice<\/p>\n<p>Direc\u021bia de Mediu, mai pu\u021bin Serviciul avize \u0219i acorduri<\/p>\n<p>Direc\u021bia General\u0103 Management Proiecte cu Finan\u021bare Extern\u0103<\/p>\n<p>Direc\u021bia Rela\u021bia cu ONG-uri, Sindicate \u0219i Patronate<\/p>\n<p>Direc\u021bia Rela\u021bii Externe \u0219i Protocol<\/p>\n<p>Administra\u021bia Lacuri, Parcuri \u0219i Agrement Bucure\u0219ti (ALPAB)<\/p>\n<p>Administra\u021bia Spitalelor \u0219i Serviciilor Medicale Bucure\u0219ti (ASSMB)<\/p>\n<p>Direc\u021bia General\u0103 de Asisten\u021b\u0103 Social\u0103 a Municipiului Bucure\u0219ti (DGASMB)<\/p>\n<p>Centrul de Proiecte Educa\u021bionale \u0219i Sportive Bucure\u0219ti (Proedus)<\/p>\n<p>Administra\u021bia Str\u0103zilor Bucure\u0219ti<\/p>\n<p>Administra\u021bia Cimitirelor \u0219i Crematoriilor Umane<\/p>\n<p>Administra\u021bia Parcului Natural V\u0103c\u0103re\u0219ti<\/p>\n<p>USR a mai avut \u00een administrare spitalele, dar \u0219i parcurile din Bucure\u0219ti (ALPAB).<\/p>\n<p>La conducerea ALPAB a fost Corina Bega (USR) care \u00een 4 ani \u00a0nu a reu\u0219it s\u0103 reabiliteze nici m\u0103car un mal din Parcul Her\u0103str\u0103u!<\/p>\n<p>\u00a0<\/p>","protected":false},"excerpt":{"rendered":"<p>Lucian Judele a preluat, ast\u0103zi, func\u021bia de Administrator Public al Municipiului Bucure\u0219ti, dup\u0103 ce Nicu\u0219or&hellip;<\/p>\n","protected":false},"author":0,"featured_media":29896,"comment_status":"open","ping_status":"open","sticky":false,"template":"","format":"standard","meta":{"footnotes":""},"categories":[3],"tags":[],"class_list":["post-29895","post","type-post","status-publish","format-standard","has-post-thumbnail","hentry","category-politica"],"_links":{"self":[{"href":"https:\/\/247stiri.ro\/index.php\/wp-json\/wp\/v2\/posts\/29895","targetHints":{"allow":["GET"]}}],"collection":[{"href":"https:\/\/247stiri.ro\/index.php\/wp-json\/wp\/v2\/posts"}],"about":[{"href":"https:\/\/247stiri.ro\/index.php\/wp-json\/wp\/v2\/types\/post"}],"replies":[{"embeddable":true,"href":"https:\/\/247stiri.ro\/index.php\/wp-json\/wp\/v2\/comments?post=29895"}],"version-history":[{"count":0,"href":"https:\/\/247stiri.ro\/index.php\/wp-json\/wp\/v2\/posts\/29895\/revisions"}],"wp:featuredmedia":[{"embeddable":true,"href":"https:\/\/247stiri.ro\/index.php\/wp-json\/wp\/v2\/media\/29896"}],"wp:attachment":[{"href":"https:\/\/247stiri.ro\/index.php\/wp-json\/wp\/v2\/media?parent=29895"}],"wp:term":[{"taxonomy":"category","embeddable":true,"href":"https:\/\/247stiri.ro\/index.php\/wp-json\/wp\/v2\/categories?post=29895"},{"taxonomy":"post_tag","embeddable":true,"href":"https:\/\/247stiri.ro\/index.php\/wp-json\/wp\/v2\/tags?post=29895"}],"curies":[{"name":"wp","href":"https:\/\/api.w.org\/{rel}","templated":true}]}}