{"id":29899,"date":"2025-02-07T11:45:13","date_gmt":"2025-02-07T11:45:13","guid":{"rendered":"https:\/\/247stiri.ro\/index.php\/2025\/02\/07\/ips-teodosie-vrea-canonizarea-unor-preoti-cu-trecut-legionar-sa-fim-si-noi-impreuna-cu-ei-partasi-la-sfintenie\/"},"modified":"2025-02-07T11:45:13","modified_gmt":"2025-02-07T11:45:13","slug":"ips-teodosie-vrea-canonizarea-unor-preoti-cu-trecut-legionar-sa-fim-si-noi-impreuna-cu-ei-partasi-la-sfintenie","status":"publish","type":"post","link":"https:\/\/247stiri.ro\/index.php\/2025\/02\/07\/ips-teodosie-vrea-canonizarea-unor-preoti-cu-trecut-legionar-sa-fim-si-noi-impreuna-cu-ei-partasi-la-sfintenie\/","title":{"rendered":"\u00cePS Teodosie vrea canonizarea unor preo\u021bi cu trecut legionar. \u201dS\u0103 fim \u0219i noi \u00eempreun\u0103 cu ei p\u0103rta\u0219i la sfin\u021benie\u201d"},"content":{"rendered":"<p>\u00cen tinere\u021bea lor, at\u00e2t Arsenie Papacioc, c\u00e2t \u0219i Iustin P\u00e2rvu, au f\u0103cut parte din Mi\u0219acarea Legionar\u0103, motiv pentru care au fost \u00eenchi\u0219i \u00een temni\u021bele comuniste.\u00a0<\/p>\n<p>Dup\u0103 ce au fost elibera\u021bi, ambii s-au retras la m\u0103n\u0103stire, unde au devenit printre cei mai cunoscu\u021bi duhvnici rom\u00e2ni ai secolului XX.\u00a0<\/p>\n<p>Recent, \u00een cadrul unei predici \u021binute \u00een fa\u021ba credincio\u0219ilor aduna\u021bi la slujb\u0103, <a href=\"https:\/\/www.realitatea.net\/stiri\/actual\/video-ips-teodosie-a-mai-facut-o-slujba-de-scoatere-a-dracilor-in-ciuda-interdictiei-patriarhiei-moliftele-motivul-unui-conflict-mocnit-intre-bor-si-arhiepiscopul-tomisului_678937fa5c496120530db0c2\" target=\"_blank\">\u00cePS Teodosie<\/a> \u0219i-a exprimat bucuria privind canonizatea celor 16 preo\u021bi \u0219i monahi.\u00a0<\/p>\n<p>Cu aceast\u0103 ocazie, \u00eenaltul prelat a subliniat c\u0103 sper\u0103 s\u0103 fie trecu\u021bi \u00een r\u00e2ndul sfin\u021bilor \u0219i al\u021bi trei duhovnici contemporani printre care se num\u0103r\u0103 \u0219i Arsenie Papacioc \u0219i Iustin P\u00e2rvu.<\/p>\n<p>Discursul Arhiepiscopului Tomisului a fost \u00eenregistrat \u0219i postat pe o pagin\u0103 de Facebook dedicat\u0103 ierarhului de la malul M\u0103rii Negre.<\/p>\n<p>\u201dIat\u0103 s-au canonizat 16 sfin\u021bi, mucenici, care se vor ruga pentru noi. Noi s\u0103-i avem \u00een evlavia noastr\u0103, s\u0103 ne bucur\u0103m \u0219i n\u0103d\u0103jduim c\u0103 \u0219i cuvio\u0219ii p\u0103rin\u021bii no\u0219tri p\u0103rintele Elefterie \u0219i p\u0103rintele Arsenie, \u0219i p\u0103rintele Iustin din Moldova, vor ajunge \u0219i ei \u00eentre cei ce vor fi \u00eentre ale\u0219ii lui Dumnezeu \u00een ceruri ca s\u0103 se roage pentru noi, s\u0103 fim \u0219i noi \u00eempreun\u0103 cu ei, p\u0103rta\u0219i la sfin\u021benie \u0219i la locuin\u021ba cea cereasc\u0103\u201d, a declarat \u00cePS Teodosie.<\/p>","protected":false},"excerpt":{"rendered":"<p>\u00cen tinere\u021bea lor, at\u00e2t Arsenie Papacioc, c\u00e2t \u0219i Iustin P\u00e2rvu, au f\u0103cut parte din Mi\u0219acarea&hellip;<\/p>\n","protected":false},"author":0,"featured_media":29900,"comment_status":"open","ping_status":"open","sticky":false,"template":"","format":"standard","meta":{"footnotes":""},"categories":[2],"tags":[],"class_list":["post-29899","post","type-post","status-publish","format-standard","has-post-thumbnail","hentry","category-actual"],"_links":{"self":[{"href":"https:\/\/247stiri.ro\/index.php\/wp-json\/wp\/v2\/posts\/29899","targetHints":{"allow":["GET"]}}],"collection":[{"href":"https:\/\/247stiri.ro\/index.php\/wp-json\/wp\/v2\/posts"}],"about":[{"href":"https:\/\/247stiri.ro\/index.php\/wp-json\/wp\/v2\/types\/post"}],"replies":[{"embeddable":true,"href":"https:\/\/247stiri.ro\/index.php\/wp-json\/wp\/v2\/comments?post=29899"}],"version-history":[{"count":0,"href":"https:\/\/247stiri.ro\/index.php\/wp-json\/wp\/v2\/posts\/29899\/revisions"}],"wp:featuredmedia":[{"embeddable":true,"href":"https:\/\/247stiri.ro\/index.php\/wp-json\/wp\/v2\/media\/29900"}],"wp:attachment":[{"href":"https:\/\/247stiri.ro\/index.php\/wp-json\/wp\/v2\/media?parent=29899"}],"wp:term":[{"taxonomy":"category","embeddable":true,"href":"https:\/\/247stiri.ro\/index.php\/wp-json\/wp\/v2\/categories?post=29899"},{"taxonomy":"post_tag","embeddable":true,"href":"https:\/\/247stiri.ro\/index.php\/wp-json\/wp\/v2\/tags?post=29899"}],"curies":[{"name":"wp","href":"https:\/\/api.w.org\/{rel}","templated":true}]}}