{"id":29907,"date":"2025-02-07T11:45:15","date_gmt":"2025-02-07T11:45:15","guid":{"rendered":"https:\/\/247stiri.ro\/index.php\/2025\/02\/07\/silviu-manastire-atac-devastator-la-adresa-lui-bolojan-astia-sunt-specialistii-si-competentii-tai-nea-ilie-cu-ei-vrei-sa-reformezi-partidul-si-activitatea-senatului\/"},"modified":"2025-02-07T11:45:15","modified_gmt":"2025-02-07T11:45:15","slug":"silviu-manastire-atac-devastator-la-adresa-lui-bolojan-astia-sunt-specialistii-si-competentii-tai-nea-ilie-cu-ei-vrei-sa-reformezi-partidul-si-activitatea-senatului","status":"publish","type":"post","link":"https:\/\/247stiri.ro\/index.php\/2025\/02\/07\/silviu-manastire-atac-devastator-la-adresa-lui-bolojan-astia-sunt-specialistii-si-competentii-tai-nea-ilie-cu-ei-vrei-sa-reformezi-partidul-si-activitatea-senatului\/","title":{"rendered":"Silviu M\u0103n\u0103stire, atac devastator la adresa lui Bolojan: \u0102\u0219tia sunt speciali\u0219tii \u0219i competen\u021bii t\u0103i, Nea Ilie?! Cu ei vrei s\u0103 reformezi partidul \u0219i activitatea Senatului?"},"content":{"rendered":"<p>&#8222;Avem o promisiune neonorat\u0103 c\u0103tre Nea Ilie Bolojan &#8211; pentru ca liberalii care muncesc \u00een mediul privat trebuie s\u0103 alerge, pentru ca tu Nea Ilie s\u0103 ai bani de indemniza\u021bii \u0219i diurn\u0103 de 8000 de euro pe lun\u0103 ca pre\u0219edinte de Senat\u00a0Nea Ilie, ia spune tu poporului liberal ce procedura de selec\u021bie, concurs, grila de competen\u021be profesionale ai aplicat \u00een cazul angaj\u0103rii \u00een func\u021bia de director de cabinet a pre\u0219edintelui Senatului a doamnei Daniela Sava? Sau a contact rela\u021bia personal\u0103? Sava este fosta jurnalist\u0103, cu ceva activitate neclar\u0103 pe la SGG\/ Guvern, \u00een zona de comunicare\u00a0(&#8230;) Aceea\u0219i \u00eentrebare se aplic\u0103 \u0219i pe\u00a0situa\u021bia domni\u0219oarei Bianca Firezar. Aici este \u0219i mai grav. Ai angajat-o ini\u021bial la Consiliul Jude\u021bean Bihor, din reporter Digi Oradea, televiziunea bunului t\u0103u mogul, s\u0103 nu spun prieten, Zoli Teszari, cel care munce\u0219te la imaginea ta (gratuit evident) de ani de zile. Cum \u0219i de ce ai angajat-o pe Firezar \u00een func\u021bia de director coordonator a echipei de consilieri a pre\u0219edintelui Senatului? Competen\u021be? Concurs? Tu c\u00e2nd te treze\u0219ti diminea\u021ba \u0219i te ui\u021bi \u00een oglind\u0103 nu te love\u0219te cumva ipocrizia ta \u00eencruntat\u0103?!\u00a0(&#8230;)\u0102\u0219tia sunt speciali\u0219tii \u0219i competentii t\u0103i, Nea Ilie?! Cu ei vrei s\u0103 reformezi partidul \u0219i activitatea Senatului?&#8221; a scris Silviu M\u0103n\u0103strie.\u00a0Cite\u0219te \u00eentrega postare\u00a0 mai jos.\u00a0<\/p>\n<p>\u00a0<\/p>\n<p>\u00a0<\/p>","protected":false},"excerpt":{"rendered":"<p>&#8222;Avem o promisiune neonorat\u0103 c\u0103tre Nea Ilie Bolojan &#8211; pentru ca liberalii care muncesc \u00een&hellip;<\/p>\n","protected":false},"author":0,"featured_media":29898,"comment_status":"open","ping_status":"open","sticky":false,"template":"","format":"standard","meta":{"footnotes":""},"categories":[2],"tags":[],"class_list":["post-29907","post","type-post","status-publish","format-standard","has-post-thumbnail","hentry","category-actual"],"_links":{"self":[{"href":"https:\/\/247stiri.ro\/index.php\/wp-json\/wp\/v2\/posts\/29907","targetHints":{"allow":["GET"]}}],"collection":[{"href":"https:\/\/247stiri.ro\/index.php\/wp-json\/wp\/v2\/posts"}],"about":[{"href":"https:\/\/247stiri.ro\/index.php\/wp-json\/wp\/v2\/types\/post"}],"replies":[{"embeddable":true,"href":"https:\/\/247stiri.ro\/index.php\/wp-json\/wp\/v2\/comments?post=29907"}],"version-history":[{"count":0,"href":"https:\/\/247stiri.ro\/index.php\/wp-json\/wp\/v2\/posts\/29907\/revisions"}],"wp:featuredmedia":[{"embeddable":true,"href":"https:\/\/247stiri.ro\/index.php\/wp-json\/wp\/v2\/media\/29898"}],"wp:attachment":[{"href":"https:\/\/247stiri.ro\/index.php\/wp-json\/wp\/v2\/media?parent=29907"}],"wp:term":[{"taxonomy":"category","embeddable":true,"href":"https:\/\/247stiri.ro\/index.php\/wp-json\/wp\/v2\/categories?post=29907"},{"taxonomy":"post_tag","embeddable":true,"href":"https:\/\/247stiri.ro\/index.php\/wp-json\/wp\/v2\/tags?post=29907"}],"curies":[{"name":"wp","href":"https:\/\/api.w.org\/{rel}","templated":true}]}}