{"id":29908,"date":"2025-02-07T11:45:15","date_gmt":"2025-02-07T11:45:15","guid":{"rendered":"https:\/\/247stiri.ro\/index.php\/2025\/02\/07\/gabriela-firea-intervine-in-scandalul-momentului-din-educatie-sa-schimbam-cum-si-cat-predam-nu-ce-predam\/"},"modified":"2025-02-07T11:45:15","modified_gmt":"2025-02-07T11:45:15","slug":"gabriela-firea-intervine-in-scandalul-momentului-din-educatie-sa-schimbam-cum-si-cat-predam-nu-ce-predam","status":"publish","type":"post","link":"https:\/\/247stiri.ro\/index.php\/2025\/02\/07\/gabriela-firea-intervine-in-scandalul-momentului-din-educatie-sa-schimbam-cum-si-cat-predam-nu-ce-predam\/","title":{"rendered":"Gabriela Firea intervine \u00een scandalul momentului din educa\u021bie: \u201dS\u0103 schimb\u0103m cum \u015fi c\u00e2t pred\u0103m, nu ce pred\u0103m\u201d"},"content":{"rendered":"<p>Social-democrata a atras aten\u021bia c\u0103 nu trebuie schimbate materiile care se predau \u00een \u0219coli, ci cantitatea \u0219i calitatea informa\u021biilor care le sunt frunizate elevilor. De asemenea, ea a subliniat c\u0103 este nevoie de adaptarea modului de predare la genera\u021biile de elevi de acum.\u00a0<\/p>\n<p>\u201dIstoria rom\u00e2nilor \u015fi Geografia Rom\u00e2niei sunt esen\u0163a na\u0163ional\u0103 \u015fi trebuie s\u0103 r\u0103m\u00e2n\u0103 printre materiile predate tuturor copiilor. S\u0103 schimb\u0103m cum \u015fi c\u00e2t pred\u0103m, nu ce pred\u0103m!\u201d, a scris <a href=\"https:\/\/www.realitatea.net\/stiri\/actual\/gabriela-firea-solicita-modificarea-legislatiei-europene-si-adoptarea-unor-masuri-urgente-pentru-protejarea-patrimoniului-cultural_679a1368e5cb0e7d4b41e692\" target=\"_blank\">Gabriela Firea,<\/a> \u00eentr-o postare pe Facebook.<\/p>\n\n<p>Eurodeputata PSD a men\u021bionat c\u0103 propunerea de schimbare a planului-cadru privind materiile studiate de liceeni a st\u00e2rnit o disput\u0103 aprins\u0103 \u00eentre speciali\u015ftii ministerului Educa\u0163iei, profesori, academicieni \u015fi p\u0103rin\u0163i.<\/p>\n<p>\u201dFiecare are argumente pro \u015fi contra, \u00eens\u0103, modul \u00een care se expun ideile a \u00eemp\u0103r\u0163it lumea \u00een tabere. Avem mare nevoie de reform\u0103, dar aceasta se poate face prin dialog \u015fi cale de mijloc. Mul\u0163i dintre elevi au lipsuri, chiar unele studii descriu situa\u0163ia \u00een cuvinte mult mai dure. Au ajuns aici nu pentru c\u0103 li s-a predat prea mult\u0103 Istorie sau Geografie \u015fi prea pu\u0163in\u0103 Matematic\u0103 sau Informatic\u0103, ci pentru c\u0103 nu au \u00een\u0163eles ce li s-a predat. Am un respect deosebit pentru cadrele didactice, iar acestea au nevoie de sprijin pentru a se reforma personal, pentru a g\u0103si resursele interioare ca s\u0103 vin\u0103 la ore cu pl\u0103cere \u015fi s\u0103 foloseasc\u0103 metode noi de predare\u201d, a mai spus aceasta.\u00a0<\/p>\n<p>Totodat\u0103, Gabriela Firea este de p\u0103rere c\u0103 reforma \u00een sistemul de \u00eenv\u0103\u0163\u0103m\u00e2nt trebuie s\u0103 \u00eenceap\u0103 de la \u201ecum pred\u0103m\u201d, nu de la \u201ece pred\u0103m\u201d.<\/p>\n<p>\u201dTrebuie s\u0103 adapt\u0103m modul de a preda, informa\u0163ia pe care o d\u0103m, la genera\u0163iile de elevi de acum. Suntem \u00een genera\u0163ia vitezei, a platformelor sociale, a tehnologiei \u015fi acolo trebuie s\u0103 mearg\u0103 \u015fi \u015fcoala. Nu spre incultur\u0103, false modele, fake news \u015fi superficialitate. Sunt mam\u0103 a doi copii \u00eenc\u0103 \u015fcolari \u015fi v\u0103d care sunt provoc\u0103rile zilnice. \u015etiu c\u00e2t de greu este s\u0103 convingi un copil s\u0103 citeasc\u0103, s\u0103-\u015fi fac\u0103 temele sau s\u0103 memoreze anii \u00een care s-au petrecut faptele istorice. Voi fi mereu adepta schimb\u0103rilor \u00een bine ale sistemului de \u00eenv\u0103\u0163\u0103m\u00e2nt. F\u0103r\u0103 o educa\u0163ie de calitate, genera\u0163iile urm\u0103toare sunt pierdute\u201d, a conchis Gabriela Firea.<\/p>\n<p>\u00a0<\/p>","protected":false},"excerpt":{"rendered":"<p>Social-democrata a atras aten\u021bia c\u0103 nu trebuie schimbate materiile care se predau \u00een \u0219coli, ci&hellip;<\/p>\n","protected":false},"author":0,"featured_media":29874,"comment_status":"open","ping_status":"open","sticky":false,"template":"","format":"standard","meta":{"footnotes":""},"categories":[2],"tags":[],"class_list":["post-29908","post","type-post","status-publish","format-standard","has-post-thumbnail","hentry","category-actual"],"_links":{"self":[{"href":"https:\/\/247stiri.ro\/index.php\/wp-json\/wp\/v2\/posts\/29908","targetHints":{"allow":["GET"]}}],"collection":[{"href":"https:\/\/247stiri.ro\/index.php\/wp-json\/wp\/v2\/posts"}],"about":[{"href":"https:\/\/247stiri.ro\/index.php\/wp-json\/wp\/v2\/types\/post"}],"replies":[{"embeddable":true,"href":"https:\/\/247stiri.ro\/index.php\/wp-json\/wp\/v2\/comments?post=29908"}],"version-history":[{"count":0,"href":"https:\/\/247stiri.ro\/index.php\/wp-json\/wp\/v2\/posts\/29908\/revisions"}],"wp:featuredmedia":[{"embeddable":true,"href":"https:\/\/247stiri.ro\/index.php\/wp-json\/wp\/v2\/media\/29874"}],"wp:attachment":[{"href":"https:\/\/247stiri.ro\/index.php\/wp-json\/wp\/v2\/media?parent=29908"}],"wp:term":[{"taxonomy":"category","embeddable":true,"href":"https:\/\/247stiri.ro\/index.php\/wp-json\/wp\/v2\/categories?post=29908"},{"taxonomy":"post_tag","embeddable":true,"href":"https:\/\/247stiri.ro\/index.php\/wp-json\/wp\/v2\/tags?post=29908"}],"curies":[{"name":"wp","href":"https:\/\/api.w.org\/{rel}","templated":true}]}}