{"id":29921,"date":"2025-02-07T12:48:10","date_gmt":"2025-02-07T12:48:10","guid":{"rendered":"https:\/\/247stiri.ro\/index.php\/2025\/02\/07\/catalin-predoiu-discutii-cu-ambasadorul-arabiei-saudite-despre-criminalitate-organizata-infractiuni-cyber-trafic-de-droguri\/"},"modified":"2025-02-07T12:48:10","modified_gmt":"2025-02-07T12:48:10","slug":"catalin-predoiu-discutii-cu-ambasadorul-arabiei-saudite-despre-criminalitate-organizata-infractiuni-cyber-trafic-de-droguri","status":"publish","type":"post","link":"https:\/\/247stiri.ro\/index.php\/2025\/02\/07\/catalin-predoiu-discutii-cu-ambasadorul-arabiei-saudite-despre-criminalitate-organizata-infractiuni-cyber-trafic-de-droguri\/","title":{"rendered":"C\u0103t\u0103lin Predoiu, discu\u021bii cu ambasadorul Arabiei Saudite despre criminalitate organizat\u0103, infrac\u021biuni cyber, trafic de droguri"},"content":{"rendered":"<p>&#8222;O protec\u021bie eficient\u0103 a frontierelor na\u021bionale, \u00eent\u0103rirea securit\u0103\u021bii interne, combaterea traficului de droguri \u0219i a migra\u021biei ilegale sunt obiective importante, aflate la v\u00e2rful agendei ambelor \u021b\u0103ri, iar din aceast\u0103 perspectiv\u0103, conlucrarea nu poate fi dec\u00e2t benefic\u0103 pentru statele noastre, ca parteneri de n\u0103dejde&#8221;, a declarat C\u0103t\u0103lin Predoiu, potrivit unui comunicat al Ministerului Afacerilor Interne (MAI) transmis, vineri, AGERPRES.<\/p>\n<p>El a spus c\u0103, \u00een contextul unui deficit uman accentuat, singura solu\u021bie pentru dezvoltare \u0219i modernizare este folosirea noilor tehnologii, drone \u0219i robo\u021bi, \u00een prim\u0103 faz\u0103, \u00een activitatea de protejare a drepturilor \u0219i libert\u0103\u021bilor cet\u0103\u021benilor, \u00een protejarea frontierei de stat, \u00een interven\u021bia \u00een situa\u021bii de urgen\u021b\u0103 civil\u0103 \u0219i ap\u0103rare civil\u0103.<\/p>\n<p>&#8222;Continu\u00e2nd seria discu\u021biilor cu partenerii no\u0219tri externi, am avut un schimb de idei extrem de interesant \u0219i fructuos cu ambasadorul Regatului Arabiei Saudite la Bucure\u0219ti, \u00een care am punctat toate aceste aspecte. Am stabilit aprofundarea dialogului \u00een perioada urm\u0103toare, convins fiind c\u0103 aceast\u0103 \u00eent\u00e2lnire va sta la baza unui dialog din ce \u00een ce mai consistent \u00eentre autorit\u0103\u021bile noastre&#8221;, a ar\u0103tat ministrul rom\u00e2n al Afacerilor Interne.<\/p>\n<p>Ministrul Predoiu a evocat necesitatea \u00eent\u0103ririi cooper\u0103rii \u00eentr-un context mai larg, cu state din afara UE, av\u00e2nd \u00een vedere c\u0103 fenomene precum criminalitatea organizat\u0103, infrac\u021biunile cyber sau traficul de droguri au un caracter transna\u021bional, din punctul de vedere al manifest\u0103rilor \u0219i consecin\u021belor pe care le au.<\/p>\n<p>&#8222;La nivelul autorit\u0103\u021bilor de aplicare a legii din cele dou\u0103 state exist\u0103 deja o cooperare important\u0103, materializat\u0103 prin activit\u0103\u021bi consistente \u00een diferite domenii, cum ar fi combaterea criminalit\u0103\u021bii organizate sau traficul de droguri, unde au fost derulate programe de preg\u0103tire \u0219i schimb de experien\u021b\u0103. Interlocutorii au evocat \u0219i contactele deja existente \u00eentre cele dou\u0103 ministere \u00een domeniul protec\u021biei civile, \u00een acest sens fiind extrem de apreciate experien\u021ba \u0219i bunele practici dezvoltate de Rom\u00e2nia, prin Departamentul pentru Situa\u021bii de Urgen\u021b\u0103&#8221;, mai arat\u0103 sursa citat\u0103.<\/p>\n<p>Ambasadorul Mohammed Khayat a apreciat rela\u021biile de colaborare dezvoltate p\u00e2n\u0103 \u00een prezent cu autorit\u0103\u021bile de aplicare a legii din Rom\u00e2nia, punct\u00e2nd activit\u0103\u021bile de preg\u0103tire \u0219i schimb de experien\u021b\u0103 \u00een domeniul drogurilor \u0219i combaterii criminalit\u0103\u021bii organizate, precum \u0219i dorin\u021ba de a continua aceast\u0103 bun\u0103 practic\u0103 \u0219i pe viitor.<\/p>\n<p>A amintit experien\u021ba consolidat\u0103 a Regatului Arabiei Saudite \u00een activit\u0103\u021bi de contraterorism \u0219i protec\u021bie a securit\u0103\u021bii interne, cele dou\u0103 p\u0103r\u021bi stabilind necesitatea de a dezvolta conlucrarea \u0219i \u00een aceste domenii. \u0218i a salutat aprecierile ministrului Predoiu referitoare la poten\u021bialul Regatului Saudit \u00een domenii care vizeaz\u0103 digitalizarea \u0219i inovarea \u0219i a exprimat deschidere pentru demararea unor schimburi de experien\u021b\u0103 \u0219i discu\u021bii \u00een aceste domenii.<\/p>\n<p>\u00a0<\/p>","protected":false},"excerpt":{"rendered":"<p>&#8222;O protec\u021bie eficient\u0103 a frontierelor na\u021bionale, \u00eent\u0103rirea securit\u0103\u021bii interne, combaterea traficului de droguri \u0219i a&hellip;<\/p>\n","protected":false},"author":0,"featured_media":29918,"comment_status":"open","ping_status":"open","sticky":false,"template":"","format":"standard","meta":{"footnotes":""},"categories":[3],"tags":[],"class_list":["post-29921","post","type-post","status-publish","format-standard","has-post-thumbnail","hentry","category-politica"],"_links":{"self":[{"href":"https:\/\/247stiri.ro\/index.php\/wp-json\/wp\/v2\/posts\/29921","targetHints":{"allow":["GET"]}}],"collection":[{"href":"https:\/\/247stiri.ro\/index.php\/wp-json\/wp\/v2\/posts"}],"about":[{"href":"https:\/\/247stiri.ro\/index.php\/wp-json\/wp\/v2\/types\/post"}],"replies":[{"embeddable":true,"href":"https:\/\/247stiri.ro\/index.php\/wp-json\/wp\/v2\/comments?post=29921"}],"version-history":[{"count":0,"href":"https:\/\/247stiri.ro\/index.php\/wp-json\/wp\/v2\/posts\/29921\/revisions"}],"wp:featuredmedia":[{"embeddable":true,"href":"https:\/\/247stiri.ro\/index.php\/wp-json\/wp\/v2\/media\/29918"}],"wp:attachment":[{"href":"https:\/\/247stiri.ro\/index.php\/wp-json\/wp\/v2\/media?parent=29921"}],"wp:term":[{"taxonomy":"category","embeddable":true,"href":"https:\/\/247stiri.ro\/index.php\/wp-json\/wp\/v2\/categories?post=29921"},{"taxonomy":"post_tag","embeddable":true,"href":"https:\/\/247stiri.ro\/index.php\/wp-json\/wp\/v2\/tags?post=29921"}],"curies":[{"name":"wp","href":"https:\/\/api.w.org\/{rel}","templated":true}]}}