{"id":29927,"date":"2025-02-07T12:48:12","date_gmt":"2025-02-07T12:48:12","guid":{"rendered":"https:\/\/247stiri.ro\/index.php\/2025\/02\/07\/motivul-pentru-care-un-barbat-din-valcea-a-fost-amendat-cu-30-000-de-lei-jandarmii-l-au-prins-in-flagrant\/"},"modified":"2025-02-07T12:48:12","modified_gmt":"2025-02-07T12:48:12","slug":"motivul-pentru-care-un-barbat-din-valcea-a-fost-amendat-cu-30-000-de-lei-jandarmii-l-au-prins-in-flagrant","status":"publish","type":"post","link":"https:\/\/247stiri.ro\/index.php\/2025\/02\/07\/motivul-pentru-care-un-barbat-din-valcea-a-fost-amendat-cu-30-000-de-lei-jandarmii-l-au-prins-in-flagrant\/","title":{"rendered":"Motivul pentru care un b\u0103rbat din V\u00e2lcea a fost amendat cu 30.000 de lei. Jandarmii l-au prins \u00een flagrant"},"content":{"rendered":"<p>B\u0103rbatul a fost filmat joi \u00een timp ce, \u00eempreun\u0103 cu al\u021bi doi indivizi, desc\u0103rca resturi de c\u0103r\u0103mid\u0103 \u0219i moloz dintr-o autoutilitar\u0103 \u0219i le arunca pe un c\u00e2mp, foarte aproape de un p\u00e2r\u00e2u.\u00a0<\/p>\n<p>Jandarmii din jude\u021bul V\u00e2lcea i-au prins \u00een flagrant pe cei trei indivizi certati cu mediul \u00eenconjur\u0103tor \u0219i <a href=\"https:\/\/www.realitatea.net\/stiri\/actual\/amenda-colosala-primita-de-un-barbat-din-valcea-care-a-abandonat-trei-catelusi-in-camp-cine-la-dat-de-gol_67a208db20a8175a76250773\" target=\"_blank\">l-au amendat<\/a> pe proprietarul autoturismului cu 30.000 de lei.\u00a0<\/p>\n<p>\u201d\u00cen jurul orei 15:00, un echipaj al jandarmeriei a surprins trei b\u0103rba\u0163i, cu v\u00e2rste de 64, 45, respectiv 37 de ani, \u00een timp ce aruncau de\u015feuri provenite din construc\u0163ii dintr-o autoutilitar\u0103, \u00een albia p\u00e2r\u00e2ului S\u00e2mnic, care traverseaz\u0103 satul Barza din comuna Bude\u015fti, jude\u0163ul V\u00e2lcea. Proprietarul autoutilitarei a fost sanc\u0163ionat contraven\u0163ional conform Ordonan\u0163ei de Urgen\u0163\u0103 a Guvernului nr. 92\/2001 privind regimul de\u015feurilor, cu o amend\u0103 \u00een valoare de 30.000 de lei\u201d, au transmis, vineri, reprezentan\u0163ii Inspectoratului de Jandarmi Jude\u0163ean V\u00e2lcea.<\/p>\n<p>Mai mult, pe l\u00e2ng\u0103 sanc\u021biunea primit\u0103, proprietarul autoutilitarei a fost obligat s\u0103 adune toate de\u0219eurile pe care le-a aruncat pe c\u00e2mp \u0219i s\u0103 readuc\u0103 terenul la starea ini\u021bial\u0103.\u00a0<\/p>\n<p>\u201dCa m\u0103sur\u0103 complementar\u0103, autoutilitara folosit\u0103 pentru transportul \u015fi depozitarea ilegal\u0103 a de\u015feurilor a fost ridicat\u0103 \u00een vederea confisc\u0103rii\u201d, au mai spus jandarmii.\u00a0<\/p>","protected":false},"excerpt":{"rendered":"<p>B\u0103rbatul a fost filmat joi \u00een timp ce, \u00eempreun\u0103 cu al\u021bi doi indivizi, desc\u0103rca resturi&hellip;<\/p>\n","protected":false},"author":0,"featured_media":29928,"comment_status":"open","ping_status":"open","sticky":false,"template":"","format":"standard","meta":{"footnotes":""},"categories":[2],"tags":[],"class_list":["post-29927","post","type-post","status-publish","format-standard","has-post-thumbnail","hentry","category-actual"],"_links":{"self":[{"href":"https:\/\/247stiri.ro\/index.php\/wp-json\/wp\/v2\/posts\/29927","targetHints":{"allow":["GET"]}}],"collection":[{"href":"https:\/\/247stiri.ro\/index.php\/wp-json\/wp\/v2\/posts"}],"about":[{"href":"https:\/\/247stiri.ro\/index.php\/wp-json\/wp\/v2\/types\/post"}],"replies":[{"embeddable":true,"href":"https:\/\/247stiri.ro\/index.php\/wp-json\/wp\/v2\/comments?post=29927"}],"version-history":[{"count":0,"href":"https:\/\/247stiri.ro\/index.php\/wp-json\/wp\/v2\/posts\/29927\/revisions"}],"wp:featuredmedia":[{"embeddable":true,"href":"https:\/\/247stiri.ro\/index.php\/wp-json\/wp\/v2\/media\/29928"}],"wp:attachment":[{"href":"https:\/\/247stiri.ro\/index.php\/wp-json\/wp\/v2\/media?parent=29927"}],"wp:term":[{"taxonomy":"category","embeddable":true,"href":"https:\/\/247stiri.ro\/index.php\/wp-json\/wp\/v2\/categories?post=29927"},{"taxonomy":"post_tag","embeddable":true,"href":"https:\/\/247stiri.ro\/index.php\/wp-json\/wp\/v2\/tags?post=29927"}],"curies":[{"name":"wp","href":"https:\/\/api.w.org\/{rel}","templated":true}]}}