{"id":29934,"date":"2025-02-07T12:48:14","date_gmt":"2025-02-07T12:48:14","guid":{"rendered":"https:\/\/247stiri.ro\/index.php\/2025\/02\/07\/daniel-david-multumit-de-bugetul-pentru-educatie-ma-bucur-ca-este-considerata-prioritate-nationala\/"},"modified":"2025-02-07T12:48:14","modified_gmt":"2025-02-07T12:48:14","slug":"daniel-david-multumit-de-bugetul-pentru-educatie-ma-bucur-ca-este-considerata-prioritate-nationala","status":"publish","type":"post","link":"https:\/\/247stiri.ro\/index.php\/2025\/02\/07\/daniel-david-multumit-de-bugetul-pentru-educatie-ma-bucur-ca-este-considerata-prioritate-nationala\/","title":{"rendered":"Daniel David, mul\u021bumit de bugetul pentru Educa\u021bie. \u201dM\u0103 bucur c\u0103 este considerat\u0103 prioritate na\u0163ional\u0103\u201d"},"content":{"rendered":"<p>Daniel David a subliniat c\u0103 se bucur\u0103 c\u0103 Educa\u021bia este considerat\u0103 de c\u0103tre coali\u021bia de guvernare o prioritate na\u021bional\u0103.\u00a0<\/p>\n<p>\u201dAcum, c\u00e2nd paradigmele lumii se schimb\u0103, \u0163esutul social se redefine\u015fte, iar institu\u0163iile se transform\u0103, diferen\u0163a \u00eentre cine va pierde, cine va supravie\u0163ui \u015fi cine va fi c\u00e2\u015ftig\u0103tor va fi f\u0103cut\u0103 de \u2018cunoa\u015ftere\u2019. Iar cunoa\u015fterea \u2013 generat\u0103 prin cercetare-dezvoltare-inovare \u2013 este transferat\u0103 \u00een r\u0103spunsurile cognitiv-comportamentale ale oamenilor prin educa\u0163ie. M\u0103 bucur c\u0103 educa\u0163ia este considerat\u0103 prioritate na\u0163ional\u0103 \u00een coali\u0163ie, a\u015fa cum s-a promis la \u00eenceputul mandatului, \u015fi c\u0103 s-a \u0163inut cont de acest lucru \u00een propunerea Guvernului \u015fi \u00een decizia luat\u0103 \u00een Parlament, evident cu limitele \u015fi constr\u00e2ngerile generate de situa\u0163ia economico-financiar\u0103 prin care trecem\u201d, a transmis<a href=\"https:\/\/www.realitatea.net\/stiri\/actual\/ministrul-educatiei-pune-piciorul-in-prag-nu-mai-putem-continua-cu-sistemul-educational-de-acum-este-o-problema-de-securitate-nationala_67a345ce9893014b8c1ac793\" target=\"_blank\"> Daniel David<\/a> pe Facebook.<\/p>\n\n<p>\u0218eful de la Educa\u021bie a men\u021bionat c\u0103 \u00een continuare \u021binta r\u0103m\u00e2ne 15% din bugetul general consolidat (pe cheltuieli \u2013 aproximativ 6% din PIB) pentru educa\u0163ie \u015fi 1% din PIB pentru cercetare-dezvoltare-inovare, cu obiectivul de a \u201eeficientiza\u201d utilizarea bugetului actual.<\/p>\n<p>De asemenea, oficialul a explicat c\u0103 major\u0103rile bugetare \u00een sistemul educa\u021bional vizeaz\u0103 at\u00e2t investi\u0163iile, preponderent prin PNRR, cu obiective precum prevenirea abandonului \u015fcolar, dotarea \u015fcolilor, construc\u0163ia de campusuri pentru \u00eenv\u0103\u0163\u0103m\u00e2ntul dual etc., c\u00e2t \u015fi asigurarea salariilor \u015fi a burselor.<\/p>\n<p>\u201dPe segmentul cercetare-dezvoltare-inovare se urm\u0103re\u015fte o cre\u015ftere a bugetului pentru competi\u0163iile dedicate proiectelor de cercetare \u015fi pentru alte activit\u0103\u0163i competitive\u201d, a transmis Daniel David.<\/p>","protected":false},"excerpt":{"rendered":"<p>Daniel David a subliniat c\u0103 se bucur\u0103 c\u0103 Educa\u021bia este considerat\u0103 de c\u0103tre coali\u021bia de&hellip;<\/p>\n","protected":false},"author":0,"featured_media":29935,"comment_status":"open","ping_status":"open","sticky":false,"template":"","format":"standard","meta":{"footnotes":""},"categories":[2],"tags":[],"class_list":["post-29934","post","type-post","status-publish","format-standard","has-post-thumbnail","hentry","category-actual"],"_links":{"self":[{"href":"https:\/\/247stiri.ro\/index.php\/wp-json\/wp\/v2\/posts\/29934","targetHints":{"allow":["GET"]}}],"collection":[{"href":"https:\/\/247stiri.ro\/index.php\/wp-json\/wp\/v2\/posts"}],"about":[{"href":"https:\/\/247stiri.ro\/index.php\/wp-json\/wp\/v2\/types\/post"}],"replies":[{"embeddable":true,"href":"https:\/\/247stiri.ro\/index.php\/wp-json\/wp\/v2\/comments?post=29934"}],"version-history":[{"count":0,"href":"https:\/\/247stiri.ro\/index.php\/wp-json\/wp\/v2\/posts\/29934\/revisions"}],"wp:featuredmedia":[{"embeddable":true,"href":"https:\/\/247stiri.ro\/index.php\/wp-json\/wp\/v2\/media\/29935"}],"wp:attachment":[{"href":"https:\/\/247stiri.ro\/index.php\/wp-json\/wp\/v2\/media?parent=29934"}],"wp:term":[{"taxonomy":"category","embeddable":true,"href":"https:\/\/247stiri.ro\/index.php\/wp-json\/wp\/v2\/categories?post=29934"},{"taxonomy":"post_tag","embeddable":true,"href":"https:\/\/247stiri.ro\/index.php\/wp-json\/wp\/v2\/tags?post=29934"}],"curies":[{"name":"wp","href":"https:\/\/api.w.org\/{rel}","templated":true}]}}