{"id":29948,"date":"2025-02-07T13:50:01","date_gmt":"2025-02-07T13:50:01","guid":{"rendered":"https:\/\/247stiri.ro\/index.php\/2025\/02\/07\/doliu-imens-in-biserica-ortodoxa-un-tanar-preot-si-medic-din-pitesti-a-murit-fulgerator-lasand-in-urma-o-durere-fara-margini\/"},"modified":"2025-02-07T13:50:01","modified_gmt":"2025-02-07T13:50:01","slug":"doliu-imens-in-biserica-ortodoxa-un-tanar-preot-si-medic-din-pitesti-a-murit-fulgerator-lasand-in-urma-o-durere-fara-margini","status":"publish","type":"post","link":"https:\/\/247stiri.ro\/index.php\/2025\/02\/07\/doliu-imens-in-biserica-ortodoxa-un-tanar-preot-si-medic-din-pitesti-a-murit-fulgerator-lasand-in-urma-o-durere-fara-margini\/","title":{"rendered":"Doliu imens \u00een Biserica Ortodox\u0103. Un t\u00e2n\u0103r preot \u0219i medic din Pite\u0219ti a murit fulger\u0103tor, l\u0103s\u00e2nd \u00een urm\u0103 o durere f\u0103r\u0103 margini"},"content":{"rendered":"<p>\u201eCu profund\u0103 triste\u0163e \u015fi durere \u00een suflet, ne lu\u0103m r\u0103mas bun de la un om cu totul aparte \u2013 DR. BULACU ION, cel care \u015fi-a dedicat \u00eentreaga via\u021b\u0103 vindec\u0103rii trupurilor \u015fi alin\u0103rii sufletelor. A fost nu doar un medic de excep\u0163ie, ci \u015fi un slujitor al lui Dumnezeu, un om al credin\u0163ei, al sacrificiului \u015fi al iubirii fa\u0163\u0103 de aproapele s\u0103u. (..) \u00cel vom p\u0103stra mereu \u00een inimile noastre ca pe un model de altruism \u015fi credin\u0163\u0103. Dumnezeu s\u0103-l odihneasc\u0103 \u00een pace \u015fi s\u0103-l primeasc\u0103 \u00een lumina Sa! Sincere condolean\u021be familiei \u015fi tuturor celor care l-au iubit \u015fi respectat\u201d, a transmis conducerea Spitalului Militar de Urgen\u021b\u0103 \u201eDr. Ion Jianu\u201d Pite\u0219ti.<\/p>\n<p>Un om dedicat medicinei \u0219i credin\u021bei<\/p>\n<p>Dr. Ion Bulacu a fost medic primar \u00een specialitatea psihiatrie \u0219i a activat \u00een cadrul Spitalului Militar de Urgen\u021b\u0103 \u201eDr. Ion Jianu\u201d Pite\u0219ti din anul 2011, ocup\u00e2nd func\u021bia de medic psihiatru \u00een ambulatoriul de specialitate al unit\u0103\u021bii medicale.\u00a0<\/p>\n<p>Din 2006 s-a specializat \u00een psihiatrie, transform\u00e2nd apropierea de oameni \u00eentr-o voca\u021bie. Din 2012, s-a ocupat de organizarea \u0219edin\u021belor medicale lunare ale spitalului, sub egida Asocia\u021biei Medicilor \u0219i Farmaci\u0219tilor Militari din Rom\u00e2nia.\u00a0<\/p>\n\n<p>O via\u021b\u0103 dedicat\u0103 ajutor\u0103rii celor afla\u021bi \u00een nevoie<\/p>\n<p>Dincolo de activitatea medical\u0103, Dr. Bulacu a fost un om al faptelor bune. S-a implicat activ \u00een proiecte umanitare, printre care Caravana medical\u0103 \u201eUni\u021bi sub tricolor prin s\u0103n\u0103tate\u201d, un program na\u021bional sus\u021binut de Direc\u021bia Medical\u0103 a Ministerului Ap\u0103r\u0103rii Na\u021bionale. Prin acest proiect, a oferit sprijin medical persoanelor din zone defavorizate, contribuind la \u00eembun\u0103t\u0103\u021birea accesului la servicii de s\u0103n\u0103tate pentru comunit\u0103\u021bile vulnerabile.<\/p>\n<p>Moartea sa reprezint\u0103 o pierdere imens\u0103 pentru comunitatea medical\u0103 \u0219i pentru cei care l-au cunoscut. Prietenii, colegii \u0219i pacien\u021bii \u00eel vor p\u0103stra \u00een amintire ca pe un om de o bun\u0103tate rar\u0103, care a \u00eembinat harul medical cu cel duhovnicesc, aduc\u00e2nd speran\u021b\u0103 \u0219i alinare celor \u00een suferin\u021b\u0103.<\/p>","protected":false},"excerpt":{"rendered":"<p>\u201eCu profund\u0103 triste\u0163e \u015fi durere \u00een suflet, ne lu\u0103m r\u0103mas bun de la un om&hellip;<\/p>\n","protected":false},"author":0,"featured_media":29949,"comment_status":"open","ping_status":"open","sticky":false,"template":"","format":"standard","meta":{"footnotes":""},"categories":[2],"tags":[],"class_list":["post-29948","post","type-post","status-publish","format-standard","has-post-thumbnail","hentry","category-actual"],"_links":{"self":[{"href":"https:\/\/247stiri.ro\/index.php\/wp-json\/wp\/v2\/posts\/29948","targetHints":{"allow":["GET"]}}],"collection":[{"href":"https:\/\/247stiri.ro\/index.php\/wp-json\/wp\/v2\/posts"}],"about":[{"href":"https:\/\/247stiri.ro\/index.php\/wp-json\/wp\/v2\/types\/post"}],"replies":[{"embeddable":true,"href":"https:\/\/247stiri.ro\/index.php\/wp-json\/wp\/v2\/comments?post=29948"}],"version-history":[{"count":0,"href":"https:\/\/247stiri.ro\/index.php\/wp-json\/wp\/v2\/posts\/29948\/revisions"}],"wp:featuredmedia":[{"embeddable":true,"href":"https:\/\/247stiri.ro\/index.php\/wp-json\/wp\/v2\/media\/29949"}],"wp:attachment":[{"href":"https:\/\/247stiri.ro\/index.php\/wp-json\/wp\/v2\/media?parent=29948"}],"wp:term":[{"taxonomy":"category","embeddable":true,"href":"https:\/\/247stiri.ro\/index.php\/wp-json\/wp\/v2\/categories?post=29948"},{"taxonomy":"post_tag","embeddable":true,"href":"https:\/\/247stiri.ro\/index.php\/wp-json\/wp\/v2\/tags?post=29948"}],"curies":[{"name":"wp","href":"https:\/\/api.w.org\/{rel}","templated":true}]}}