{"id":29965,"date":"2025-02-07T14:45:45","date_gmt":"2025-02-07T14:45:45","guid":{"rendered":"https:\/\/247stiri.ro\/index.php\/2025\/02\/07\/judecatorii-au-decis-vlad-pascu-e-pericol-public-si-nu-trebuie-lasat-in-libertate\/"},"modified":"2025-02-07T14:45:45","modified_gmt":"2025-02-07T14:45:45","slug":"judecatorii-au-decis-vlad-pascu-e-pericol-public-si-nu-trebuie-lasat-in-libertate","status":"publish","type":"post","link":"https:\/\/247stiri.ro\/index.php\/2025\/02\/07\/judecatorii-au-decis-vlad-pascu-e-pericol-public-si-nu-trebuie-lasat-in-libertate\/","title":{"rendered":"Judec\u0103torii au decis. Vlad Pascu e pericol public \u0219i nu trebuie l\u0103sat \u00een libertate!"},"content":{"rendered":"<p>Judec\u0103toria Mangalia a notat \u00een motivarea deciziei de condamnare a lui Vlad Pascu, transmis\u0103, vineri, Agen\u0163iei de pres\u0103 News.ro, faptul c\u0103 t\u00e2n\u0103rul consumase substan\u0163e psihoactive anterior producerii accidentului \u015fi se afla sub influen\u0163a acestora la volan.<\/p>\n<p>De asemenea, Pascu a recunoscut, atunci c\u00e2nd i-au fost prelevate probe biologice, \u00een data de 19 august 2023, faptul c\u0103 el consumase marijuana \u00een urm\u0103 cu \u015fapte zile \u015fi \u201dpraf alb\u201d \u00een urm\u0103 cu trei zile.<\/p>\n<p>\u201dConform procesului-verbal \u00eentocmit de c\u0103tre S.J.M.L.Constan\u0163a, referitor la examinarea preliminar\u0103 a probei de urin\u0103 cu privire la prezen\u0163a substan\u0163elor psihoactive \u00een organism (fila 60 vol. I dup), a rezultat faptul c\u0103 numitul Pascu Matei &#8211; Vlad a fost depistat pozitiv la consumul urm\u0103toarelor substan\u0163e: amfetamine, cocain\u0103, metamfetamin\u0103, MDMA-ectsasy.<\/p>\n<p>\u00cen urma analiz\u0103rii probelor biologice recoltate de la inculpatul Pascu Matei Vlad, s-a constatat prezen\u0163a \u00een s\u00e2nge a substan\u0163elor benzoilecgonina (metabolit cocain\u0103), metamfetamin\u0103, amfetamin\u0103, benzodiazepine, tramadol, bromazepam, \u00een plasm\u0103: cocain\u0103, benzoilecgonin\u0103, MDA, MDMA iar \u00een urin\u0103, a substan\u0163elor cocain\u0103 \u2013 metabolit, MDMA \u2013 metabolit, MDA \u2013 metaboli\u0163i, bromazepan, tramadol metabolit (buletinul de analiz\u0103 toxicologic\u0103 nr. 1775 din 23.08.2023 emis de INML Mina Minovici Bucure\u015fti, fila 399 dosar de urm\u0103rire penal\u0103 vol. III)\u201d, se arat\u0103 \u00een documentul Judec\u0103toriei Mangalia.\u00a0<\/p>\n<p><a href=\"https:\/\/www.realitatea.net\/stiri\/actual\/atac-la-decizia-judecatoriei-mangalia-in-dosarul-criminalului-de-la-2-mai-vlad-pascu-familia-uneia-dintre-victime-tinerii-raniti-si-biroul-asiguratorilor-de-autovehicule-contesta-sentinta_67a4df929e0db15ddf61c492\" target=\"_blank\">Atac la decizia Judec\u0103toriei Mangalia \u00een dosarul criminalului de la 2 Mai, Vlad Pascu. P\u0103r\u021bile v\u0103t\u0103mate \u0219i Biroul Asiguratorilor de Autovehicule contest\u0103 sentin\u021ba<\/a><\/p>\n<p>Instan\u0163a mai noteaz\u0103 faptul c\u0103, de\u015fi \u015ftia c\u0103 se afl\u0103 sub influen\u0163a substan\u0163elor psihoactive, Vlad Pascu a decis totu\u015fi s\u0103 se urce la volanul autoturismului \u015fi s\u0103 \u00eel conduc\u0103 pe drumurile publice.<\/p>\n<p>Cercet\u0103rile au arat\u0103t c\u0103 el conducea un autoturism Mercedes, dinspre localitatea Vama Veche spre 2 Mai, av\u00e2nd o vitez\u0103 de 102 km\/h, iar accidentul s-a produs \u00eentr-o zon\u0103 semnalizat\u0103 cu indicatorul \u201ecurb\u0103 deosebit de periculoas\u0103\u201d (panouri succesive) c\u00e2nd i-a acro\u015fat pe cei cinci tineri.<\/p>\n<p>\u201dUlterior impactului, autoturismul a efectuat \u00een slalom o deplasare spre st\u00e2nga \u015fi apoi spre dreapta, cu revenire pe calea de rulare, \u00eemprejurare \u00een care D.R.M. a fost proiectat\u0103 spre dreapta, pe spa\u0163iul verde, iar O.A.S. a fost proiectat cu zona capului pe acostamentul din dreapta \u015fi cu picioarele pe spa\u0163iul verde din dreapta, urmarea fiind decesul acestora. De asemenea, \u00een cursul acestei deplas\u0103ri, numi\u0163ii I.C.I., C.V.A. \u015fi B.D.D.au fost lovi\u0163i cu diferite p\u0103r\u0163i ale ma\u015finii, suferind leziuni care au necesitat mai multe zile de \u00eengrijiri medicale\u201d, se precizeaz\u0103 \u00een motivarea deciziei de condamnare.<\/p>\n<p>Instan\u0163a consider\u0103 c\u0103 vina pentru producerea accidentului rutier \u00eei revine \u00een exclusivitate lui Vlad Pascu, iar din probele administrate nu au fost determinate elemente care s\u0103 contureze o eventual\u0103 culp\u0103 comun\u0103.<\/p>\n<p><a href=\"https:\/\/www.realitatea.net\/stiri\/actual\/rasturnare-de-situatie-in-dosarul-2-mai-miscarea-facuta-de-vlad-pascu-dupa-ce-a-fost-condamnat-la-10-ani-de-inchisoare_67a1d63315d0b729a7713ed2\" target=\"_blank\">R\u0103sturnare de situa\u021bie \u00een dosarul 2 Mai. Mi\u0219carea f\u0103cut\u0103 de Vlad Pascu, dup\u0103 ce a fost condamnat la 10 ani de \u00eenchisoare<\/a><\/p>\n<p>\u201dAstfel, \u00eemprejurarea invocat\u0103 de inculpat prin ap\u0103r\u0103tor \u00een sensul c\u0103 \u00eentr-o anumit\u0103 m\u0103sur\u0103 accidentul s-ar fi datorat \u015fi faptului c\u0103 pietonii nu circulau regulamentar, reprezent\u00e2nd un pericol pasiv, nu este \u00eentemeiat\u0103. Cu toate acestea, instan\u0163a observ\u0103 c\u0103, \u00een premomentul accidentului, \u00eenainte de a ajunge la locul producerii acestuia, pietonii s-au deplasat pe trotuarul amenajat \u00eentre localit\u0103\u0163ile Vama \u2013 Veche \u015fi 2 Mai, pe sensul de mers dinspre Vama \u2013 Veche c\u0103tre 2 Mai, pe partea dreapt\u0103, \u00eentruc\u00e2t numai pe acea parte este amplasat un trotuar; la un moment dat, ajung\u00e2nd la cap\u0103tul trotuarului, au continuat drumul pe partea dreapt\u0103, \u00eens\u0103 nu pe carosabil, ci pe acostament \u015fi nu aveau posibilitatea obiectiv\u0103 de a traversa drumul, la terminarea trotuarului, pentru a merge pe partea st\u00e2ng\u0103, neav\u00e2nd la \u00eendem\u00e2n\u0103 o trecere de pietoni \u00een acest sens, iar condi\u0163iile de vizibilitate erau reduse, traversarea unui drum na\u0163ional \u00een aceste condi\u0163ii fiind \u00een mod v\u0103dit o ac\u0163iune nepermis\u0103 \u015fi periculoas\u0103 \u015fi chiar interzis\u0103 expres de disp. art. 72 alin. 3 din OUG nr. 195\/2002. Prin urmare, nu exista o alt\u0103 modalitate de a se deplasa \u00een zona respectiv\u0103, ca pietoni, alta dec\u00e2t aceea pe care au urmat-o \u00een premomentul accidentului rutier\u201d, a mai precizat Judec\u0103toria Mangalia.<\/p>\n<p>Instan\u0163a a considerat c\u0103 nu este relevant c\u0103 \u00een rapoartele de necropsie ale victimelor au fost g\u0103site concentra\u0163ii de alcool \u00een s\u00e2nge sau \u00een urin\u0103.<\/p>\n<p>\u201dNici faptul c\u0103 rapoartele de necropsie au depistat prezen\u0163a unei concentra\u0163ii de alcool \u00een s\u00e2ngele sau urina victimelor nu este relevant pentru a se re\u0163ine o culp\u0103 \u00een sarcina acestora, c\u00e2t\u0103 vreme consumul de alcool nu este interzis pietonilor \u015fi acest aspect nu a avut nicio leg\u0103tur\u0103 cu producerea accidentului rutier c\u0103ruia i-au c\u0103zut victime, c\u00e2t\u0103 vreme nu i-a determinat s\u0103 adopte vreo conduit\u0103 contrar\u0103 normelor de circula\u0163ie rutier\u0103\u201d, a mai precizat sursa citat\u0103.<\/p>\n<p>Judec\u0103toria Mangalia precizeaz\u0103 c\u0103, dup\u0103 producerea accidentului, Vlad Pascu \u201dnu a oprit autovehiculul, a continuat deplasarea circa 50 de metri, dup\u0103 care a oprit pentru scurt timp, \u00eens\u0103 nu a revenit la fa\u0163a locului, ci a \u00eentors ma\u015fina spre localitatea Vama Veche, fiind depistat la intrarea \u00een aceast\u0103 localitate de c\u0103tre un echipaj de jandarmi \u015fi poli\u0163i\u015fti, ce fusese alertat cu privire la evenimentul rutier\u201d.<\/p>\n<p>Instan\u0163a a mai men\u0163ionat faptul c\u0103 recunoa\u015fterea faptelor de c\u0103tre Vlad Pascu, achitarea unor daune materiale pretinse de p\u0103r\u0163ile civile nu vor fi re\u0163inute ca circumstan\u0163e atenuante.<\/p>\n<p><a href=\"https:\/\/www.realitatea.net\/stiri\/actual\/vlad-pascu-condmanta-la-10-ani-de-ibchisoare-pentru-accidentul-tragic-soldat-cu-2-morti_679cdfa697d5e959484d8852\" target=\"_blank\">Vlad Pascu, condamnat la 10 ani de \u00eenchisoare pentru accidentul tragic soldat cu 2 mor\u021bi<\/a><\/p>\n<p>\u201dLa individualizarea pedepselor ce vor fi aplicate inculpatului, instan\u0163a va \u0163ine seama \u00eens\u0103 \u015fi de persoana acestuia, de atitudinea manifestat\u0103 pe parcursul procesului penal, c\u00e2nd a manifestat regret fa\u0163\u0103 de consecin\u0163ele evenimentului rutier, dar \u015fi de \u00eemprejurarea c\u0103 inculpatul se afl\u0103 la primul conflict cu legea penal\u0103.\u00a0 Recunoa\u015fterea faptelor \u015fi datele care contureaz\u0103 imaginea favorabil\u0103 a inculpatului \u00een familie, precum \u015fi achitarea de c\u0103tre acesta a daunelor materiale pretinse de p\u0103r\u0163ile civile nu vor fi re\u0163inute \u00eens\u0103 ca circumstan\u0163e atenuante judiciare a\u015fa cum s-a solicitat, \u00eentruc\u00e2t aceste \u00eemprejur\u0103ri, date fiind modul \u015fi \u00eemprejur\u0103rile comiterii faptelor re\u0163inute \u00een sarcina inculpatului, urmarea infrac\u0163iunilor \u015fi dispozi\u0163iile art. 75 alin. 2 Cod penal, nu au relevan\u0163a \u015fi consisten\u0163a unor date care s\u0103 atenueze r\u0103spunderea penal\u0103\u201d, se mai precizeaz\u0103 \u00een motivare.<\/p>\n<p>Magistra\u0163ii afirm\u0103 c\u0103 nu se pot pune mai presus interesele lui Vlad Pascu \u00een detrimentul intereselor p\u0103r\u0163ilor civile.<\/p>\n<p>\u201dDe\u015fi inculpatul Pascu Matei \u2013 Vlad nu a mai fost anterior condamnat penal, este t\u00e2n\u0103r \u015fi provine dintr-o familie cu posibilit\u0103\u0163i materiale, \u015fi se poate presupune c\u0103 ar putea fi sprijinit pe viitor pentru a nu mai comite alte fapte prev\u0103zute de legea penal\u0103, de\u015fi, a\u015fa cum a ar\u0103tat at\u00e2t \u00een fa\u0163a instan\u0163ei c\u00e2t \u015fi prin memoriul depus la dosar, regret\u0103 sincer comiterea faptelor \u015fi consecin\u0163ele acestora, care \u015fi lui i-au schimbat via\u0163a \u00eencep\u00e2nd cu acel moment, instan\u0163a nu poate pune mai presus interesele sale, pe care el \u00eensu\u015fi le-a neglijat \u00een momentul comiterii faptelor, \u00een detrimentul intereselor p\u0103r\u0163ilor civile, care au fost implicate f\u0103r\u0103 vin\u0103 \u00een accidentul rutier descris anterior sau au suferit consecin\u0163ele acestuia, accident soldat cu urm\u0103ri extrem de grave, decesul a dou\u0103 victime \u015fi r\u0103nirea altor trei\u201d, mai noteaz\u0103 instan\u0163a.<\/p>\n<p>Totodat\u0103, instan\u0163a a mai considerat c\u0103 l\u0103sarea lui Vlad Pascu \u00een liberate ar avea drept rezultat o stare de pericol social concret pentru ordinea public\u0103 \u015fi este de natur\u0103 s\u0103 genereze sentimente de insecuritate pentru ceilal\u0163i cet\u0103\u0163eni.<\/p>\n<p>\u201dAv\u00e2nd \u00een vedere \u00eemprejurarea c\u0103 din probele administrate \u00een cauz\u0103 a rezultat c\u0103 inculpatul se face vinovat de s\u0103v\u00e2r\u015firea infrac\u0163iunilor pentru care s-a dispus condamnarea prin prezenta sentin\u0163\u0103 \u015fi corobor\u00e2nd modul \u015fi circumstan\u0163ele comiterii acestor infrac\u0163iuni, respectiv pe un sector de drum caracterizat at\u00e2t prin trafic rutier c\u00e2t \u015fi prin trafic pietonal, afl\u00e2ndu-se sub influen\u0163a substan\u0163elor psihoactive, cu urm\u0103rile deosebit de grave ale infrac\u0163iunilor pentru care s-a dispus condamnarea inculpatului prin prezenta sentin\u0163\u0103, precum \u015fi cu rezonan\u0163a social\u0103 a faptelor comise de inculpat, instan\u0163a apreciaz\u0103 c\u0103 l\u0103sarea \u00een libertate a inculpatului ar avea \u00een continuare drept rezultat o stare de pericol social concret pentru ordinea public\u0103 \u015fi este de natur\u0103 s\u0103 genereze sentimente de insecuritate pentru ceilal\u0163i cet\u0103\u0163eni, \u00eendrept\u0103\u0163i\u0163i s\u0103 pretind\u0103 autorit\u0103\u0163ilor statului asigurarea unui climat social sigur, caracterizat prin siguran\u0163a traficului rutier \u015fi, implicit, printr-o protec\u0163ie eficace a dreptului la via\u0163\u0103 \u015fi la integritate corporal\u0103\u201d, se mai arat\u0103 \u00een motivare.<\/p>\n<p>Magistra\u0163ii relateaz\u0103 c\u0103, dac\u0103 va fi l\u0103sat \u00een libertate, Vlad Pascu ar putea recurge oric\u00e2nd la comiterea unor fapte similare.<\/p>\n<p>\u201d\u00cen concret, at\u00e2t modalitatea \u00een care inculpatul a ac\u0163ionat c\u00e2t \u015fi urm\u0103rile deosebit de grave ale infrac\u0163iunilor pentru care s-a dispus condamnarea inculpatului \u015fi impactul social intens negativ al conduitei adoptate de inculpat reprezint\u0103 aspecte care indic\u0103 o periculozitate social\u0103 ridicat\u0103, at\u00e2t a faptelor, c\u00e2t \u015fi a inculpatului \u015fi justific\u0103 pe deplin aprecierea instan\u0163ei \u00een sensul c\u0103 l\u0103sarea \u00een libertate a acestuia ar genera \u00een continuare o stare de pericol pentru ordinea public\u0103, inculpatul put\u00e2nd s\u0103 recurg\u0103 oric\u00e2nd la comiterea unor fapte similare\u201d, a mai transmis instan\u0163a.<\/p>\n<p>Judec\u0103toria Mangalia a precizat c\u0103 nu au ap\u0103rut \u00eemprejur\u0103ri noi pentru ca m\u0103sura arest\u0103rii preventive s\u0103 fie revocat\u0103.<\/p>\n<p>\u201dCu privire la necesitatea men\u0163inerii m\u0103surii arest\u0103rii preventive, instan\u0163a apreciaz\u0103 c\u0103 no\u0163iunea de pericol pentru ordinea public\u0103 nu trebuie \u00een\u0163eleas\u0103 doar ca o primejdie concret\u0103 \u015fi imediat\u0103, const\u00e2nd \u00een posibilitatea comiterii unor fapte penale grave, ci semnific\u0103 o stare de nelini\u015fte, un sentiment de insecuritate \u00een r\u00e2ndul societ\u0103\u0163ii civile, generat\u0103 de rezonan\u0163a social\u0103 negativ\u0103 a faptului\u00a0 c\u0103 persoanele asupra c\u0103rora planeaz\u0103 acuza\u0163ia comiterii unor infrac\u0163iuni de o gravitate ie\u015fit\u0103 din comun sunt cercetate \u00een stare de libertate. \u00a0Tot astfel, instan\u0163a constat\u0103 c\u0103 \u00een cauz\u0103 nu au ap\u0103rut \u00eemprejur\u0103ri noi din care s\u0103 rezulte nelegalitatea m\u0103surii arest\u0103rii preventive dispuse fa\u0163\u0103 de inculpat, astfel \u00eenc\u00e2t s\u0103 se impun\u0103 revocarea m\u0103surii\u201d, a transmis Judec\u0103toria Mangalia, \u00een motivare.<\/p>\n<p>Astfel, instan\u0163a a decis s\u0103 prelungeasc\u0103 cu \u00eenc\u0103 60 de zile arestul preventiv pentru Vlad Pascu.<\/p>\n<p>Vlad Pascu a fost condamnat \u00een data de 31 ianuarie, la 10 ani de \u00eenchisoare, \u00een urma accidentului pe care l-a provocat la 2 Mai \u015fi \u00een urma c\u0103ruia doi tineri au murit \u015fi trei au fost r\u0103ni\u0163i. Decizia Judec\u0103toriei Mangalia nu este definitiv\u0103 \u015fi a fost atacat\u0103 cu apel.<\/p>","protected":false},"excerpt":{"rendered":"<p>Judec\u0103toria Mangalia a notat \u00een motivarea deciziei de condamnare a lui Vlad Pascu, transmis\u0103, vineri,&hellip;<\/p>\n","protected":false},"author":0,"featured_media":29966,"comment_status":"open","ping_status":"open","sticky":false,"template":"","format":"standard","meta":{"footnotes":""},"categories":[2],"tags":[],"class_list":["post-29965","post","type-post","status-publish","format-standard","has-post-thumbnail","hentry","category-actual"],"_links":{"self":[{"href":"https:\/\/247stiri.ro\/index.php\/wp-json\/wp\/v2\/posts\/29965","targetHints":{"allow":["GET"]}}],"collection":[{"href":"https:\/\/247stiri.ro\/index.php\/wp-json\/wp\/v2\/posts"}],"about":[{"href":"https:\/\/247stiri.ro\/index.php\/wp-json\/wp\/v2\/types\/post"}],"replies":[{"embeddable":true,"href":"https:\/\/247stiri.ro\/index.php\/wp-json\/wp\/v2\/comments?post=29965"}],"version-history":[{"count":0,"href":"https:\/\/247stiri.ro\/index.php\/wp-json\/wp\/v2\/posts\/29965\/revisions"}],"wp:featuredmedia":[{"embeddable":true,"href":"https:\/\/247stiri.ro\/index.php\/wp-json\/wp\/v2\/media\/29966"}],"wp:attachment":[{"href":"https:\/\/247stiri.ro\/index.php\/wp-json\/wp\/v2\/media?parent=29965"}],"wp:term":[{"taxonomy":"category","embeddable":true,"href":"https:\/\/247stiri.ro\/index.php\/wp-json\/wp\/v2\/categories?post=29965"},{"taxonomy":"post_tag","embeddable":true,"href":"https:\/\/247stiri.ro\/index.php\/wp-json\/wp\/v2\/tags?post=29965"}],"curies":[{"name":"wp","href":"https:\/\/api.w.org\/{rel}","templated":true}]}}