{"id":29967,"date":"2025-02-07T14:45:46","date_gmt":"2025-02-07T14:45:46","guid":{"rendered":"https:\/\/247stiri.ro\/index.php\/2025\/02\/07\/militar-de-38-de-ani-din-covasna-arestat-preventiv-pentru-pornografie-infantila-unele-dintre-victime-aveau-3-5-ani\/"},"modified":"2025-02-07T14:45:46","modified_gmt":"2025-02-07T14:45:46","slug":"militar-de-38-de-ani-din-covasna-arestat-preventiv-pentru-pornografie-infantila-unele-dintre-victime-aveau-3-5-ani","status":"publish","type":"post","link":"https:\/\/247stiri.ro\/index.php\/2025\/02\/07\/militar-de-38-de-ani-din-covasna-arestat-preventiv-pentru-pornografie-infantila-unele-dintre-victime-aveau-3-5-ani\/","title":{"rendered":"Militar de 38 de ani, din Covasna, arestat preventiv pentru pornografie infantil\u0103. Unele dintre victime aveau 3-5 ani"},"content":{"rendered":"<p>Un b\u0103rbat de 38 de ani, militar activ, a fost arestat preventiv pentru pornografie infantil\u0103, fiind acuzat c\u0103, \u00eenc\u0103 din 2018, ar fi distribuit materiale video cu minori av\u00e2nd comportament sexual explicit. Unele victime aveau 3-5 ani. La perchezi\u0163ii s-au g\u0103sit peste 2.400 de fi\u015fiere.<\/p>\n<p>\u201dLa data de 6 februarie 2025, procurorii Direc\u0163iei de Investigare a Infrac\u0163iunilor de Criminalitate Organizat\u0103 \u015fi Terorism \u2013 Biroul Teritorial Covasna au dispus re\u0163inerea unui inculpat \u00een v\u00e2rst\u0103 de 38 de ani, militar activ, cercetat sub aspectul s\u0103v\u00e2r\u015firii infrac\u0163iunii de pornografie infantil\u0103\u201d, a transmis, vineri, DIICOT.<\/p>\n<p>Sursa citat\u0103 a precizat c\u0103, \u00een perioada 2018 \u2013 decembrie 2024, inculpatul a procurat, de\u0163inut \u00een mai multe sisteme informatice \u015fi distribuit fi\u015fiere \u00een format foto \u015fi video, care \u00eenf\u0103\u0163i\u015feaz\u0103 victime minore, manifest\u00e2nd\u00a0 comportamente sexuale explicite, la ini\u0163iativa \u015fi \u00eendemnul unor adul\u0163i.<\/p>\n<p>Potrivit procurorilor, unele dintre victime aveau 3-5 ani.<\/p>\n<p>\u201d\u00cen urma perchezi\u0163iilor informatice realizate \u00een telefonul mobil al inculpatului \u015fi \u00een alte sisteme informatice\u00a0 de\u0163inute de acesta, au fost identificate peste 2.400 fotografii \u015fi materiale video con\u0163in\u00e2nd\u00a0 materiale pornografice cu minori\u201d, a mai transmis sursa citat\u0103.<\/p>\n<p>Vineri, Tribunalul\u00a0 Militar Teritorial Cluj a dispus arestarea preventiv\u0103 a b\u0103rbatului, pentru o perioad\u0103 de 30 de zile.<\/p>\n<p>\u00a0<\/p>","protected":false},"excerpt":{"rendered":"<p>Un b\u0103rbat de 38 de ani, militar activ, a fost arestat preventiv pentru pornografie infantil\u0103,&hellip;<\/p>\n","protected":false},"author":0,"featured_media":29968,"comment_status":"open","ping_status":"open","sticky":false,"template":"","format":"standard","meta":{"footnotes":""},"categories":[2],"tags":[],"class_list":["post-29967","post","type-post","status-publish","format-standard","has-post-thumbnail","hentry","category-actual"],"_links":{"self":[{"href":"https:\/\/247stiri.ro\/index.php\/wp-json\/wp\/v2\/posts\/29967","targetHints":{"allow":["GET"]}}],"collection":[{"href":"https:\/\/247stiri.ro\/index.php\/wp-json\/wp\/v2\/posts"}],"about":[{"href":"https:\/\/247stiri.ro\/index.php\/wp-json\/wp\/v2\/types\/post"}],"replies":[{"embeddable":true,"href":"https:\/\/247stiri.ro\/index.php\/wp-json\/wp\/v2\/comments?post=29967"}],"version-history":[{"count":0,"href":"https:\/\/247stiri.ro\/index.php\/wp-json\/wp\/v2\/posts\/29967\/revisions"}],"wp:featuredmedia":[{"embeddable":true,"href":"https:\/\/247stiri.ro\/index.php\/wp-json\/wp\/v2\/media\/29968"}],"wp:attachment":[{"href":"https:\/\/247stiri.ro\/index.php\/wp-json\/wp\/v2\/media?parent=29967"}],"wp:term":[{"taxonomy":"category","embeddable":true,"href":"https:\/\/247stiri.ro\/index.php\/wp-json\/wp\/v2\/categories?post=29967"},{"taxonomy":"post_tag","embeddable":true,"href":"https:\/\/247stiri.ro\/index.php\/wp-json\/wp\/v2\/tags?post=29967"}],"curies":[{"name":"wp","href":"https:\/\/api.w.org\/{rel}","templated":true}]}}