{"id":29971,"date":"2025-02-07T14:45:47","date_gmt":"2025-02-07T14:45:47","guid":{"rendered":"https:\/\/247stiri.ro\/index.php\/2025\/02\/07\/ciolacu-la-finalul-intalnirii-cu-echipa-fmi-valorificam-fereastra-de-oportunitate-atat-pentru-dinamica-investitiilor-cat-si-pentru-implementarea-reformelor-asumate-prin-pnrr\/"},"modified":"2025-02-07T14:45:47","modified_gmt":"2025-02-07T14:45:47","slug":"ciolacu-la-finalul-intalnirii-cu-echipa-fmi-valorificam-fereastra-de-oportunitate-atat-pentru-dinamica-investitiilor-cat-si-pentru-implementarea-reformelor-asumate-prin-pnrr","status":"publish","type":"post","link":"https:\/\/247stiri.ro\/index.php\/2025\/02\/07\/ciolacu-la-finalul-intalnirii-cu-echipa-fmi-valorificam-fereastra-de-oportunitate-atat-pentru-dinamica-investitiilor-cat-si-pentru-implementarea-reformelor-asumate-prin-pnrr\/","title":{"rendered":"Ciolacu, la finalul \u00eent\u00e2lnirii cu echipa FMI: Valorific\u0103m fereastra de oportunitate at\u00e2t pentru dinamica investi\u021biilor, c\u00e2t \u0219i pentru implementarea reformelor asumate prin PNRR"},"content":{"rendered":"<p>\u201dBugetul recent aprobat \u00een Parlament include cel mai mare volum alocat p\u00e2n\u0103 acum investi\u021biilor, respectiv 7,8% din Produsul Intern Brut. Vom prioritiza proiectele publice, astfel \u00eenc\u00e2t cele aflate \u00een stadiu avansat de implementare s\u0103 primeasc\u0103 finan\u021barea necesar\u0103 pentru a fi finalizate \u00eentr-un ritm alert. O alt\u0103 linie de ac\u021biune este sus\u021binerea proiectelor finan\u021bate din fonduri europene, pentru cofinan\u021barea c\u0103rora am alocat resurse bugetare. Valorific\u0103m aceast\u0103 fereastr\u0103 de oportunitate pe care Rom\u00e2nia o are at\u00e2t pentru dinamica investi\u021biilor, c\u00e2t \u0219i pentru implementarea reformelor asumate prin PNRR \u0219i convergente obiectivului nostru de aderare la OCDE \u00een anul 2026\u201d, a men\u021bionat prim-ministrul Marcel Ciolacu.<\/p>\n<p>Guvernul va continua solu\u021biile \u0219i pentru sus\u021binerea sectorului privat. Premierul a punctat m\u0103surile care se adreseaz\u0103 industriei alimentare, construc\u021biilor, \u00eencuraj\u0103rii cre\u0219terii industriale, precum \u0219i investi\u021biile din energie \u0219i infrastructur\u0103.\u00a0<\/p>\n<p>\u00cen cadrul consult\u0103rilor, \u0219eful Executivului a subliniat angajamentul Guvernului de a se \u00eencadra, \u00een acest an, \u00een deficitul bugetar de 7% din PIB \u0219i de a continua trendul de reducere a deficitului \u00een urm\u0103torii ani, conform Planului fiscal agreat cu reprezentan\u021bii Comisiei Europene. \u00cen acest context, premierul Ciolacu a punctat m\u0103surile pentru reducerea cheltuielilor publice de personal, restructurarea aparatului bugetar \u0219i reorganizarea administrativ-teritorial\u0103, incluse \u00eentre priorit\u0103\u021bile guvernamentale pentru perioada urm\u0103toare. De asemenea, a men\u021bionat m\u0103surile pentru \u00eembun\u0103t\u0103\u021birea colect\u0103rii veniturilor publice, prin extinderea digitaliz\u0103rii.\u00a0<\/p>\n<p>\u00centrevederea cu FMI face parte din seria consult\u0103rilor Guvernului cu partenerii financiari interna\u021bionali \u0219i cu mediul de afaceri, premierul Marcel Ciolacu av\u00e2nd \u00een aceast\u0103 s\u0103pt\u0103m\u00e2n\u0103 \u00eent\u00e2lniri cu Banca Mondial\u0103 \u0219i reprezentan\u021bi ai mai multor fonduri de investi\u021bii interna\u021bionale.\u00a0<\/p>\n<p>Din delega\u021bia guvernamental\u0103, al\u0103turi de premierul Marcel Ciolacu, au mai participat vicepremierul Marian Neac\u0219u, ministrul Investi\u021biilor \u0219i Proiectelor Europene, Marcel Bolo\u0219, ministrul Economiei, Digitaliz\u0103rii, Antreprenoriatului \u0219i Turismului, Bogdan Ivan, ministrul Energiei, Sebastian Burduja, secretarul de stat \u00een ministerul Finan\u021belor, Attila Gyorgy, \u0219eful Cancelariei Prim-Ministrului, \u0218tefan Radu Oprea, consilierul de stat \u00een Cancelaria Prim-Ministrului, Lumini\u021ba Odobescu, secretarul de stat Mihai Constantin, purt\u0103torul de cuv\u00e2nt al Guvernului.<\/p>","protected":false},"excerpt":{"rendered":"<p>\u201dBugetul recent aprobat \u00een Parlament include cel mai mare volum alocat p\u00e2n\u0103 acum investi\u021biilor, respectiv&hellip;<\/p>\n","protected":false},"author":0,"featured_media":29964,"comment_status":"open","ping_status":"open","sticky":false,"template":"","format":"standard","meta":{"footnotes":""},"categories":[2],"tags":[],"class_list":["post-29971","post","type-post","status-publish","format-standard","has-post-thumbnail","hentry","category-actual"],"_links":{"self":[{"href":"https:\/\/247stiri.ro\/index.php\/wp-json\/wp\/v2\/posts\/29971","targetHints":{"allow":["GET"]}}],"collection":[{"href":"https:\/\/247stiri.ro\/index.php\/wp-json\/wp\/v2\/posts"}],"about":[{"href":"https:\/\/247stiri.ro\/index.php\/wp-json\/wp\/v2\/types\/post"}],"replies":[{"embeddable":true,"href":"https:\/\/247stiri.ro\/index.php\/wp-json\/wp\/v2\/comments?post=29971"}],"version-history":[{"count":0,"href":"https:\/\/247stiri.ro\/index.php\/wp-json\/wp\/v2\/posts\/29971\/revisions"}],"wp:featuredmedia":[{"embeddable":true,"href":"https:\/\/247stiri.ro\/index.php\/wp-json\/wp\/v2\/media\/29964"}],"wp:attachment":[{"href":"https:\/\/247stiri.ro\/index.php\/wp-json\/wp\/v2\/media?parent=29971"}],"wp:term":[{"taxonomy":"category","embeddable":true,"href":"https:\/\/247stiri.ro\/index.php\/wp-json\/wp\/v2\/categories?post=29971"},{"taxonomy":"post_tag","embeddable":true,"href":"https:\/\/247stiri.ro\/index.php\/wp-json\/wp\/v2\/tags?post=29971"}],"curies":[{"name":"wp","href":"https:\/\/api.w.org\/{rel}","templated":true}]}}