{"id":29982,"date":"2025-02-07T15:49:00","date_gmt":"2025-02-07T15:49:00","guid":{"rendered":"https:\/\/247stiri.ro\/index.php\/2025\/02\/07\/trei-tari-nato-se-deconecteaza-definitiv-de-la-reteaua-electrica-rusa\/"},"modified":"2025-02-07T15:49:00","modified_gmt":"2025-02-07T15:49:00","slug":"trei-tari-nato-se-deconecteaza-definitiv-de-la-reteaua-electrica-rusa","status":"publish","type":"post","link":"https:\/\/247stiri.ro\/index.php\/2025\/02\/07\/trei-tari-nato-se-deconecteaza-definitiv-de-la-reteaua-electrica-rusa\/","title":{"rendered":"Trei \u021b\u0103ri NATO se deconecteaz\u0103 definitiv de la re\u021beaua electric\u0103 rus\u0103"},"content":{"rendered":"<p>Pe 8 februarie, cele trei state baltice vor \u00eenceta s\u0103 mai fac\u0103 parte din sistemul BRELL (Belarus, Rusia, Estonia, Letonia, Lituania), o re\u021bea mo\u0219tenit\u0103 din perioada sovietic\u0103, iar o zi mai t\u00e2rziu, pe 9 februarie, se vor sincroniza cu sistemul energetic european.<\/p>\n<p>Un proces de dou\u0103 decenii<\/p>\n<p>Aceast\u0103 tranzi\u021bie este rezultatul unor preg\u0103tiri care au \u00eenceput \u00eenc\u0103 din 2004, odat\u0103 cu aderarea celor trei state la Uniunea <a href=\"https:\/\/www.realitatea.net\/stiri\/politica\/ministrul-apararii-romania-va-continua-sa-asigure-tot-sprijinul-necesar-pentru-grupul-de-lupta-nato-din-romania_67a4b1f5e3cb6e77bd5c3f97\" target=\"_blank\">European\u0103 \u0219i NATO.<\/a> \u00cen ultimii ani, acestea \u0219i-au consolidat infrastructura energetic\u0103 prin investi\u021bii masive \u0219i interconect\u0103ri cu state europene. Printre cele mai importante proiecte se num\u0103r\u0103 LitPol Link, care leag\u0103 Lituania de Polonia, \u0219i cablurile submarine cu Finlanda \u0219i Suedia.<\/p>\n<p><a href=\"https:\/\/www.realitatea.net\/stiri\/extern\/razboi-in-ucraina-ziua-1080-ucraina-pregatita-sa-deschida-un-coridor-umanitar-in-regiunea-rusa-kursk-live-text_67a5970d2640ea52f3616542\" target=\"_blank\">Dup\u0103 invazia Ucrainei de c\u0103tre Rusia<\/a> \u00een 2022, procesul a fost accelerat. De\u0219i statele baltice nu mai cump\u0103r\u0103 energie electric\u0103 de la Moscova, Rusia a continuat s\u0103 controleze echilibrul re\u021belei lor, gestion\u00e2nd frecven\u021ba \u0219i fluxul de energie.<\/p>\n<p>\u201eCel mai mare risc era ca Rusia s\u0103 \u00eentrerup\u0103 unilateral alimentarea, l\u0103s\u00e2ndu-ne vulnerabili\u201d, a explicat Susanne Nies, expert \u00een energie la Helmholtz-Zentrum din Germania.<\/p>\n<p>O deconectare cu riscuri minime, dar nu inexistente<\/p>\n<p>Autorit\u0103\u021bile baltice au precizat c\u0103 tranzi\u021bia se va face \u00een mod controlat, iar popula\u021bia nu ar trebui s\u0103 resimt\u0103 \u00eentreruperi de curent. Totu\u0219i, Estonia a publicat un ghid oficial despre cum s\u0103 te preg\u0103te\u0219ti pentru eventuale pene de curent, men\u021bion\u00e2nd c\u0103 \u201esitua\u021bii neprev\u0103zute pot ap\u0103rea fie din cauza ac\u021biunilor vecinului nostru ostil, fie din motive tehnice sau meteorologice.\u201d<\/p>\n<p>Pe 8 februarie, \u021b\u0103rile baltice vor func\u021biona pentru scurt timp ca o \u201einsul\u0103 energetic\u0103\u201d, baz\u00e2ndu-se exclusiv pe produc\u021bia proprie \u0219i pe rezerve. Pe 9 februarie, vor fi integrate oficial \u00een re\u021beaua energetic\u0103 a Uniunii Europene, un moment considerat de exper\u021bi ca fiind \u201eun pas crucial pentru independen\u021ba regiunii.\u201d<\/p>\n<p>Rusia pierde un instrument de influen\u021b\u0103<\/p>\n<p>Dincolo de aspectele tehnice, deconectarea reprezint\u0103 o lovitur\u0103 geopolitic\u0103 pentru Rusia. \u201eAceast\u0103 decizie arat\u0103 clar c\u0103 influen\u021ba Moscovei asupra statelor baltice scade semnificativ\u201d, a declarat Jason Moyer, analist la Wilson Center.<\/p>\n<p>Rusia nu a comentat oficial decizia, \u00eens\u0103 Kremlinul a transmis c\u0103 a luat \u201etoate m\u0103surile necesare\u201d pentru a men\u021bine stabilitatea propriei re\u021bele electrice.<\/p>\n<p>Preocup\u0103ri privind posibile ac\u021biuni de sabotaj<\/p>\n<p>Oficialii baltici \u0219i-au exprimat \u00eengrijorarea c\u0103 Rusia ar putea \u00eencerca s\u0103 exploateze momentul tranzi\u021biei prin atacuri cibernetice, sabotaj sau campanii de dezinformare. NATO a anun\u021bat intensificarea m\u0103surilor de protec\u021bie a cablurilor submarine din Marea Baltic\u0103, mai ales dup\u0103 ce, \u00een decembrie 2023, o avarie misterioas\u0103 a afectat linia Estlink 2, o conexiune vital\u0103 dintre Estonia \u0219i Finlanda.<\/p>\n<p>\u00centre timp, Lituania a \u00eenceput s\u0103 demonteze vechile linii sovietice care o legau de Belarus, folosind componentele acestora pentru a sprijini reconstruc\u021bia re\u021belei electrice din Ucraina, o mi\u0219care cu puternic simbolism geopolitic.<\/p>\n<p>\u201eNu exist\u0103 niciun scenariu \u00een care s\u0103 r\u0103m\u00e2nem conecta\u021bi la re\u021beaua rus\u0103\u201d, a declarat Rokas Masiulis, directorul operatorului de re\u021bea Litgrid din Lituania.<\/p>\n<p>Deconectarea de la Rusia \u0219i integrarea \u00een sistemul european sunt considerate esen\u021biale pentru securitatea energetic\u0103 a regiunii.<\/p>","protected":false},"excerpt":{"rendered":"<p>Pe 8 februarie, cele trei state baltice vor \u00eenceta s\u0103 mai fac\u0103 parte din sistemul&hellip;<\/p>\n","protected":false},"author":0,"featured_media":29983,"comment_status":"open","ping_status":"open","sticky":false,"template":"","format":"standard","meta":{"footnotes":""},"categories":[4],"tags":[],"class_list":["post-29982","post","type-post","status-publish","format-standard","has-post-thumbnail","hentry","category-extern"],"_links":{"self":[{"href":"https:\/\/247stiri.ro\/index.php\/wp-json\/wp\/v2\/posts\/29982","targetHints":{"allow":["GET"]}}],"collection":[{"href":"https:\/\/247stiri.ro\/index.php\/wp-json\/wp\/v2\/posts"}],"about":[{"href":"https:\/\/247stiri.ro\/index.php\/wp-json\/wp\/v2\/types\/post"}],"replies":[{"embeddable":true,"href":"https:\/\/247stiri.ro\/index.php\/wp-json\/wp\/v2\/comments?post=29982"}],"version-history":[{"count":0,"href":"https:\/\/247stiri.ro\/index.php\/wp-json\/wp\/v2\/posts\/29982\/revisions"}],"wp:featuredmedia":[{"embeddable":true,"href":"https:\/\/247stiri.ro\/index.php\/wp-json\/wp\/v2\/media\/29983"}],"wp:attachment":[{"href":"https:\/\/247stiri.ro\/index.php\/wp-json\/wp\/v2\/media?parent=29982"}],"wp:term":[{"taxonomy":"category","embeddable":true,"href":"https:\/\/247stiri.ro\/index.php\/wp-json\/wp\/v2\/categories?post=29982"},{"taxonomy":"post_tag","embeddable":true,"href":"https:\/\/247stiri.ro\/index.php\/wp-json\/wp\/v2\/tags?post=29982"}],"curies":[{"name":"wp","href":"https:\/\/api.w.org\/{rel}","templated":true}]}}