{"id":29990,"date":"2025-02-07T15:49:03","date_gmt":"2025-02-07T15:49:03","guid":{"rendered":"https:\/\/247stiri.ro\/index.php\/2025\/02\/07\/usaid-aproape-rasa-de-administratia-trump-97-din-10-000-de-angajati-vor-fi-concediati\/"},"modified":"2025-02-07T15:49:03","modified_gmt":"2025-02-07T15:49:03","slug":"usaid-aproape-rasa-de-administratia-trump-97-din-10-000-de-angajati-vor-fi-concediati","status":"publish","type":"post","link":"https:\/\/247stiri.ro\/index.php\/2025\/02\/07\/usaid-aproape-rasa-de-administratia-trump-97-din-10-000-de-angajati-vor-fi-concediati\/","title":{"rendered":"USAID, aproape ras\u0103 de Administra\u021bia Trump. 97% din 10.000 de angaja\u0163i vor fi concedia\u0163i"},"content":{"rendered":"<p>Pu\u0163inii membri ai personalului cru\u0163a\u0163i de concedieri lucreaz\u0103 \u00een asisten\u0163a sanitar\u0103 \u015fi umanitar\u0103, dezv\u0103luie cotidianul, care citeaz\u0103 trei surse la curent cu acest plan de reducere drastic\u0103, care s-au exprimat sub protec\u0163ia anonimatului.<\/p>\n<p>Conduc\u0103torii USAID au fost informa\u0163i c\u0103 aproximativ 800 de programe \u015fi contracte administrate de c\u0103tre agen\u0163ie au fost anulate, dezv\u0103luie NYT.<\/p>\n<p>Dou\u0103 sindicate reprezent\u00e2nd personalul USAID au lansat joi o ac\u0163iune \u00een justi\u0163ie cu scopul de a ob\u0163ine o ordonan\u0163\u0103 judec\u0103toreasc\u0103 de oprire a concedierilor \u015fi trimitere \u00een concediu for\u0163at, potrivit NYT.<\/p>\n<p>Ele argumenteaz\u0103 c\u0103 dezmebrarea USAID nu poate avea loc f\u0103r\u0103 aprobarea Congresului.<\/p>\n<p>Contactat de AFP, Departamentul de Stat nu a r\u0103spuns imediat.<\/p>\n<p>Aceast\u0103 m\u0103sur\u0103 face parte din ofensiva radical\u0103 a lui\u00a0Trump &#8211; \u015fi a aliatlui s\u0103u Elon Musk &#8211; de a t\u0103ia efectivele administra\u0163iei americane.<\/p>\n<p>Ea a provocat proteste aprige ale democra\u0163ilor \u015fi apr\u0103torilor ajutorului umanitar \u015fi drepturlor omului \u00een lume.<\/p>\n<p>Elon Musk a catalogat USAID drept un \u201dcuib de vipere marxiste (&#8230;) care detest\u0103 America\u201d.<\/p>\n<p>Donald Trump declara s\u0103pt\u0103m\u00e2na trecut\u0103 c\u0103 ea este condus\u0103 de \u201do band\u0103 de nebuni radicali\u201d.<\/p>\n<p>USAID gestioneaz\u0103 un buget de peste 40 de miliarde de dolari, destinat ajutorului umanitar \u015fi ajutorului \u00een vederea dezvolt\u0103rii \u00een aproximativ 120 de \u0163\u0103ri, inclusiv \u00een cele mai s\u0103race \u0163\u0103ri din lume.<\/p>","protected":false},"excerpt":{"rendered":"<p>Pu\u0163inii membri ai personalului cru\u0163a\u0163i de concedieri lucreaz\u0103 \u00een asisten\u0163a sanitar\u0103 \u015fi umanitar\u0103, dezv\u0103luie cotidianul,&hellip;<\/p>\n","protected":false},"author":0,"featured_media":29977,"comment_status":"open","ping_status":"open","sticky":false,"template":"","format":"standard","meta":{"footnotes":""},"categories":[2],"tags":[],"class_list":["post-29990","post","type-post","status-publish","format-standard","has-post-thumbnail","hentry","category-actual"],"_links":{"self":[{"href":"https:\/\/247stiri.ro\/index.php\/wp-json\/wp\/v2\/posts\/29990","targetHints":{"allow":["GET"]}}],"collection":[{"href":"https:\/\/247stiri.ro\/index.php\/wp-json\/wp\/v2\/posts"}],"about":[{"href":"https:\/\/247stiri.ro\/index.php\/wp-json\/wp\/v2\/types\/post"}],"replies":[{"embeddable":true,"href":"https:\/\/247stiri.ro\/index.php\/wp-json\/wp\/v2\/comments?post=29990"}],"version-history":[{"count":0,"href":"https:\/\/247stiri.ro\/index.php\/wp-json\/wp\/v2\/posts\/29990\/revisions"}],"wp:featuredmedia":[{"embeddable":true,"href":"https:\/\/247stiri.ro\/index.php\/wp-json\/wp\/v2\/media\/29977"}],"wp:attachment":[{"href":"https:\/\/247stiri.ro\/index.php\/wp-json\/wp\/v2\/media?parent=29990"}],"wp:term":[{"taxonomy":"category","embeddable":true,"href":"https:\/\/247stiri.ro\/index.php\/wp-json\/wp\/v2\/categories?post=29990"},{"taxonomy":"post_tag","embeddable":true,"href":"https:\/\/247stiri.ro\/index.php\/wp-json\/wp\/v2\/tags?post=29990"}],"curies":[{"name":"wp","href":"https:\/\/api.w.org\/{rel}","templated":true}]}}