{"id":29994,"date":"2025-02-07T15:49:04","date_gmt":"2025-02-07T15:49:04","guid":{"rendered":"https:\/\/247stiri.ro\/index.php\/2025\/02\/07\/ce-se-va-intampla-cu-parcul-ior-anuntul-de-ultima-ora-al-primarului-nicusor-dan\/"},"modified":"2025-02-07T15:49:04","modified_gmt":"2025-02-07T15:49:04","slug":"ce-se-va-intampla-cu-parcul-ior-anuntul-de-ultima-ora-al-primarului-nicusor-dan","status":"publish","type":"post","link":"https:\/\/247stiri.ro\/index.php\/2025\/02\/07\/ce-se-va-intampla-cu-parcul-ior-anuntul-de-ultima-ora-al-primarului-nicusor-dan\/","title":{"rendered":"Ce se va \u00eent\u00e2mpla cu Parcul IOR. Anun\u021bul de ultim\u0103 or\u0103 al primarului Nicu\u0219or Dan"},"content":{"rendered":"<p>\u201dSuntem hot\u0103r\u00e2\u0163i s\u0103 recuper\u0103m bucata retrocedat\u01ce din parcul IOR. O s\u0103 ne \u00eenscriem la masa credal\u0103 cu suma de 35 de milioane de euro, valoarea amenzii pentru distrugerea spa\u0163iului verde aplicate anul trecut. De\u015fi este un proces de durat\u0103, sunt optimist c\u0103 vom reu\u015fi s\u0103 r\u0103scump\u0103r\u0103m cu ace\u015fti bani cele 12 hectare de spa\u0163iu verde pentru comunitate\u201d, a scris Nicu\u0219or Dan pe pagina sa de Facebook.<\/p>\n<p>Edilul a afirmat c\u0103 \u00een ciuda dovezilor clare care indicau faptul c\u0103 este un spa\u021biu verde vital pentru comunitate, Prim\u0103ria Capitalei a retrocedat, \u00een anul 2006, terenul din Parcul IOR facilit\u00e2nd astfel abuzurile mafiei imobiliarelor.\u00a0<\/p>\n<p>\u201d\u00cen anul 2006, Prim\u0103ria Capitalei a retrocedat terenul din Parcul IOR, ignor\u00e2nd dovezile clare c\u0103 era un spa\u0163iu verde vital pentru comunitate \u015fi deschiz\u00e2nd calea abuzurilor mafiei imobiliare. \u00cen 2012\u20132013, c\u00e2nd prim\u0103ria de sector a declan\u015fat un litigiu \u00eempotriva Prim\u0103riei Generale pe acest subiect, reprezentan\u0163ii municipalit\u0103\u0163ii au refuzat s\u0103 prezinte dovezile care ar fi confirmat statutul de parc\u201d, a mai spus primarul general al Capitalei.\u00a0<\/p>\n<p>Mai mult, Nicu\u0219or Dan a men\u021bionat c\u0103 10 ani mai t\u00e2rziu, instan\u0163a a hot\u0103r\u00e2t definitiv c\u0103 terenul nu este parc, o decizie pe care prim\u0103ria nu o mai poate contesta ast\u0103zi.<\/p>\n<p>\u201dAm sanc\u0163ionat proprietarul terenului pentru fiecare copac defri\u015fat, am dat amenda de 35 de milioane de euro pentru distrugerea spa\u0163iului verde, am sesizat toate institu\u0163iile statului cu atribu\u0163ii \u00een protec\u0163ia mediului \u015fi nu ne vom da b\u0103tu\u0163i! Vom lupta \u00een continuare pentru stoparea abuzurilor \u015fi pentru a reda cet\u0103\u0163enilor ce le-a fost furat\u201d, a conchis primarul Nicu\u0219or Dan.\u00a0<\/p>","protected":false},"excerpt":{"rendered":"<p>\u201dSuntem hot\u0103r\u00e2\u0163i s\u0103 recuper\u0103m bucata retrocedat\u01ce din parcul IOR. O s\u0103 ne \u00eenscriem la masa&hellip;<\/p>\n","protected":false},"author":0,"featured_media":29985,"comment_status":"open","ping_status":"open","sticky":false,"template":"","format":"standard","meta":{"footnotes":""},"categories":[2],"tags":[],"class_list":["post-29994","post","type-post","status-publish","format-standard","has-post-thumbnail","hentry","category-actual"],"_links":{"self":[{"href":"https:\/\/247stiri.ro\/index.php\/wp-json\/wp\/v2\/posts\/29994","targetHints":{"allow":["GET"]}}],"collection":[{"href":"https:\/\/247stiri.ro\/index.php\/wp-json\/wp\/v2\/posts"}],"about":[{"href":"https:\/\/247stiri.ro\/index.php\/wp-json\/wp\/v2\/types\/post"}],"replies":[{"embeddable":true,"href":"https:\/\/247stiri.ro\/index.php\/wp-json\/wp\/v2\/comments?post=29994"}],"version-history":[{"count":0,"href":"https:\/\/247stiri.ro\/index.php\/wp-json\/wp\/v2\/posts\/29994\/revisions"}],"wp:featuredmedia":[{"embeddable":true,"href":"https:\/\/247stiri.ro\/index.php\/wp-json\/wp\/v2\/media\/29985"}],"wp:attachment":[{"href":"https:\/\/247stiri.ro\/index.php\/wp-json\/wp\/v2\/media?parent=29994"}],"wp:term":[{"taxonomy":"category","embeddable":true,"href":"https:\/\/247stiri.ro\/index.php\/wp-json\/wp\/v2\/categories?post=29994"},{"taxonomy":"post_tag","embeddable":true,"href":"https:\/\/247stiri.ro\/index.php\/wp-json\/wp\/v2\/tags?post=29994"}],"curies":[{"name":"wp","href":"https:\/\/api.w.org\/{rel}","templated":true}]}}