{"id":29995,"date":"2025-02-07T15:49:05","date_gmt":"2025-02-07T15:49:05","guid":{"rendered":"https:\/\/247stiri.ro\/index.php\/2025\/02\/07\/natalia-intotero-va-face-modificari-pentru-organizarea-expozitiilor-in-strainatate-invitam-toti-specialistii-din-domeniu-sa-vina-cu-propuneri\/"},"modified":"2025-02-07T15:49:05","modified_gmt":"2025-02-07T15:49:05","slug":"natalia-intotero-va-face-modificari-pentru-organizarea-expozitiilor-in-strainatate-invitam-toti-specialistii-din-domeniu-sa-vina-cu-propuneri","status":"publish","type":"post","link":"https:\/\/247stiri.ro\/index.php\/2025\/02\/07\/natalia-intotero-va-face-modificari-pentru-organizarea-expozitiilor-in-strainatate-invitam-toti-specialistii-din-domeniu-sa-vina-cu-propuneri\/","title":{"rendered":"Natalia Intotero va face modific\u0103ri pentru organizarea expozi\u021biilor \u00een str\u0103in\u0103tate: \u201eInvit\u0103m to\u0163i speciali\u015ftii din domeniu s\u0103 vin\u0103 cu propuneri\u201d"},"content":{"rendered":"<p>\u201eNu am primit nici o informare din partea autorit\u0103\u0163ilor olandeze \u015fi nu s-a primit nici la nivelul celulei de criz\u0103, care, \u00een momentul de fa\u0163\u0103, coordoneaz\u0103 activitatea ministerelor din Rom\u00e2nia, care sunt implicate pentru a sprijini derularea anchetei de pe teritoriul olandez\u201d, a declarat Natalia Intotero la un post de televiziune.<\/p>\n<p>Intotero a precizat, \u00een cadrul unei emisiuni televizate, c\u0103 va propune modificarea condi\u0163iilor de organizare a expozi\u0163iilor \u00een str\u0103in\u0103tate.\u00a0<\/p>\n<p>\u201eVom ie\u015fi ast\u0103zi cu o propunere de modificare a acestor condi\u0163ii, prin Hot\u0103r\u00e2re de Guvern care reglementa realizarea acestor expozi\u0163ii, a acestor exporturi. Aceast\u0103 Hot\u0103r\u00e2re de Guvern va fi pus\u0103 \u00een transparen\u0163\u0103 15 zile, \u00een aceast\u0103 perioad\u0103, institu\u0163iile care vor aviza ulterior \u015fi va intra aceast\u0103 Hot\u0103r\u00e2re de Guvern \u00een \u015fedin\u0163a de Guvern vor veni cu complet\u0103ri, vor veni \u00een sprijin, dar \u00een egal\u0103 m\u0103sur\u0103 vom face \u015fi dezbateri, unde vom invita to\u0163i speciali\u015ftii din domeniu, s\u0103 vin\u0103 cu propuneri pentru \u00eembun\u0103t\u0103\u0163irea cadrului legislativ\u201d.<\/p>\n<p>Ministrul Culturii a mai afirmat c\u0103 se lucreaz\u0103 \u00een prezent la \u201e\u00eembun\u0103t\u0103\u0163irea cadrului legislativ \u00een vederea scoaterii la concurs a posturilor unde avem conducere interimar\u0103, respective, 17 institu\u0163ii, printre care \u015fi Muzeul Na\u0163ional de Istorie a Rom\u00e2niei\u201d.<\/p>\n<p>\u201eMuncim pe partea de \u00eembun\u0103t\u0103\u0163ire a cadrului legislativ \u015fi ne dorim ca s\u0103 avem conduceri, la aceste institu\u0163ii, pe mandat, \u00een urma unui examen. Din p\u0103cate, \u00een ultima perioad\u0103, au fost conduceri interimare pentru c\u0103 nu s-a organizat concurs \u015fi organizarea acestui concurs, \u00een vederea organiz\u0103rii acestui concurs, va trebui s\u0103 \u00eembun\u0103t\u0103\u0163im cadrul legislativ \u015fi s\u0103 \u0163inem cont de p\u0103rerea speciali\u015ftilor \u015fi de p\u0103rerea tuturor celor care au activitate \u00een domeniul cultural. Ne dorim un management mai performant \u015fi mai responsabil\u201d, a declarat Intotero.<\/p>","protected":false},"excerpt":{"rendered":"<p>\u201eNu am primit nici o informare din partea autorit\u0103\u0163ilor olandeze \u015fi nu s-a primit nici&hellip;<\/p>\n","protected":false},"author":0,"featured_media":29996,"comment_status":"open","ping_status":"open","sticky":false,"template":"","format":"standard","meta":{"footnotes":""},"categories":[2],"tags":[],"class_list":["post-29995","post","type-post","status-publish","format-standard","has-post-thumbnail","hentry","category-actual"],"_links":{"self":[{"href":"https:\/\/247stiri.ro\/index.php\/wp-json\/wp\/v2\/posts\/29995","targetHints":{"allow":["GET"]}}],"collection":[{"href":"https:\/\/247stiri.ro\/index.php\/wp-json\/wp\/v2\/posts"}],"about":[{"href":"https:\/\/247stiri.ro\/index.php\/wp-json\/wp\/v2\/types\/post"}],"replies":[{"embeddable":true,"href":"https:\/\/247stiri.ro\/index.php\/wp-json\/wp\/v2\/comments?post=29995"}],"version-history":[{"count":0,"href":"https:\/\/247stiri.ro\/index.php\/wp-json\/wp\/v2\/posts\/29995\/revisions"}],"wp:featuredmedia":[{"embeddable":true,"href":"https:\/\/247stiri.ro\/index.php\/wp-json\/wp\/v2\/media\/29996"}],"wp:attachment":[{"href":"https:\/\/247stiri.ro\/index.php\/wp-json\/wp\/v2\/media?parent=29995"}],"wp:term":[{"taxonomy":"category","embeddable":true,"href":"https:\/\/247stiri.ro\/index.php\/wp-json\/wp\/v2\/categories?post=29995"},{"taxonomy":"post_tag","embeddable":true,"href":"https:\/\/247stiri.ro\/index.php\/wp-json\/wp\/v2\/tags?post=29995"}],"curies":[{"name":"wp","href":"https:\/\/api.w.org\/{rel}","templated":true}]}}