{"id":30013,"date":"2025-02-07T17:44:56","date_gmt":"2025-02-07T17:44:56","guid":{"rendered":"https:\/\/247stiri.ro\/index.php\/2025\/02\/07\/donald-trump-o-noua-decizie-radicala-inapoi-la-plastic\/"},"modified":"2025-02-07T17:44:56","modified_gmt":"2025-02-07T17:44:56","slug":"donald-trump-o-noua-decizie-radicala-inapoi-la-plastic","status":"publish","type":"post","link":"https:\/\/247stiri.ro\/index.php\/2025\/02\/07\/donald-trump-o-noua-decizie-radicala-inapoi-la-plastic\/","title":{"rendered":"Donald Trump, o nou\u0103 decizie radical\u0103: \u201e\u00cenapoi la plastic!\u201d"},"content":{"rendered":"<p>Cel de-al 47-lea pre\u015fedinte al Statelor Unite inten\u0163ioneaz\u0103 s\u0103 revin\u0103 la vechile paie din plastic pentru b\u0103uturi, care au fost interzise de predecesorul s\u0103u, Joe Biden, relateaz\u0103 AFP.<\/p>\n<p>Pe re\u0163eaua sa Truth Social, Donald Trump a publicat vineri un mesaj f\u0103r\u0103 echivoc. \u201eVoi semna un ordin executiv s\u0103pt\u0103m\u00e2na viitoare pentru a pune cap\u0103t ini\u0163iativei ridicole a lui Biden pentru paiele de h\u00e2rtie, care nu func\u0163ioneaz\u0103. \u00ceNAPOI LA PLASTIC\u201d, a proclamat cel care descrie \u00een mod regulat tranzi\u0163ia energetic\u0103 drept o \u201eescrocherie\u201d \u015fi care a promis s\u0103 stimuleze produc\u0163ia de petrol \u015fi gaze.<\/p>\n<p>Animozitatea \u015fefului Casei Albe fa\u0163\u0103 de m\u0103surile de interzicere sau reducere a utiliz\u0103rii paielor de plastic nu este o noutate. \u00cen 2019, miliardarul republican a declarat c\u0103 \u201eexist\u0103 probleme mai grave dec\u00e2t paiele de plastic\u201d. Aceste comentarii au fost f\u0103cute pe peluza Casei Albe, \u00eenainte de a c\u0103l\u0103tori \u00een New Jersey \u00een weekend. \u201e\u015eti\u0163i ce este interesant \u00een leg\u0103tur\u0103 cu paiele din plastic: ave\u0163i un pai mic, dar cum r\u0103m\u00e2ne cu farfuriile, ambalajele \u015fi toate celelalte lucruri care sunt mult mai mari \u015fi sunt f\u0103cute din acela\u015fi material? Toat\u0103 lumea se concentreaz\u0103 pe paie. Exist\u0103 o mul\u0163ime de alte lucruri pe care trebuie s\u0103 ne concentr\u0103m\u201d, a spus el la acea vreme.<\/p>","protected":false},"excerpt":{"rendered":"<p>Cel de-al 47-lea pre\u015fedinte al Statelor Unite inten\u0163ioneaz\u0103 s\u0103 revin\u0103 la vechile paie din plastic&hellip;<\/p>\n","protected":false},"author":0,"featured_media":30007,"comment_status":"open","ping_status":"open","sticky":false,"template":"","format":"standard","meta":{"footnotes":""},"categories":[2],"tags":[],"class_list":["post-30013","post","type-post","status-publish","format-standard","has-post-thumbnail","hentry","category-actual"],"_links":{"self":[{"href":"https:\/\/247stiri.ro\/index.php\/wp-json\/wp\/v2\/posts\/30013","targetHints":{"allow":["GET"]}}],"collection":[{"href":"https:\/\/247stiri.ro\/index.php\/wp-json\/wp\/v2\/posts"}],"about":[{"href":"https:\/\/247stiri.ro\/index.php\/wp-json\/wp\/v2\/types\/post"}],"replies":[{"embeddable":true,"href":"https:\/\/247stiri.ro\/index.php\/wp-json\/wp\/v2\/comments?post=30013"}],"version-history":[{"count":0,"href":"https:\/\/247stiri.ro\/index.php\/wp-json\/wp\/v2\/posts\/30013\/revisions"}],"wp:featuredmedia":[{"embeddable":true,"href":"https:\/\/247stiri.ro\/index.php\/wp-json\/wp\/v2\/media\/30007"}],"wp:attachment":[{"href":"https:\/\/247stiri.ro\/index.php\/wp-json\/wp\/v2\/media?parent=30013"}],"wp:term":[{"taxonomy":"category","embeddable":true,"href":"https:\/\/247stiri.ro\/index.php\/wp-json\/wp\/v2\/categories?post=30013"},{"taxonomy":"post_tag","embeddable":true,"href":"https:\/\/247stiri.ro\/index.php\/wp-json\/wp\/v2\/tags?post=30013"}],"curies":[{"name":"wp","href":"https:\/\/api.w.org\/{rel}","templated":true}]}}