{"id":30018,"date":"2025-02-07T18:45:47","date_gmt":"2025-02-07T18:45:47","guid":{"rendered":"https:\/\/247stiri.ro\/index.php\/2025\/02\/07\/premierul-viktor-orban-cere-eliminarea-completa-a-retelei-soros\/"},"modified":"2025-02-07T18:45:47","modified_gmt":"2025-02-07T18:45:47","slug":"premierul-viktor-orban-cere-eliminarea-completa-a-retelei-soros","status":"publish","type":"post","link":"https:\/\/247stiri.ro\/index.php\/2025\/02\/07\/premierul-viktor-orban-cere-eliminarea-completa-a-retelei-soros\/","title":{"rendered":"Premierul Viktor Orban cere \u201deliminarea complet\u0103 a re\u021belei Soros\u201d"},"content":{"rendered":"<p>&#8216;Trebuie s\u0103 fie m\u0103tura\u021bi&#8230; acum c\u0103 pre\u0219edintele SUA a \u00eenceput&#8217;, a declarat premierul spus Orban \u00eentr-un interviu pentru postul public de radio.Liderul na\u021bionalist ungar, care se va confrunta cu alegeri la \u00eenceputul anului 2026, a spus c\u0103 beneficiarii de fonduri str\u0103ine trebuie s\u0103 se confrunte cu &#8216;consecin\u021be legale&#8217; \u0219i trebuie s\u0103 fie exclu\u0219i, deoarece reprezint\u0103 o amenin\u021bare la adresa suveranit\u0103\u021bii \u021b\u0103rii. Nimeni nu are voie s\u0103 accepte finan\u021bare str\u0103in\u0103 pentru a influen\u021ba politica ungar\u0103, a subliniat Viktor Orban.El a salutat &#8216;fereastra \u00een care SUA \u0219i Ungaria au ambele guverne care accept\u0103 suveranitatea drept cea mai mare valoare&#8230; Fac ceea ce noi construim aici de 15 ani, iar acesta este momentul \u00een care putem stabili scorul cu aceste re\u021bele interna\u021bionale, atunci c\u00e2nd le putem elimina \u0219i putem face ca opera\u021biunile lor s\u0103 fie imposibile din punct de vedere legal&#8217;, a spus Orban.Ungaria va lua m\u0103suri pentru a se asigura c\u0103 toate fondurile de asisten\u021b\u0103 provenite din SUA \u0219i destinate ONG-urilor \u0219i mass-mediei care critic\u0103 guvernul s\u0103 fie dezv\u0103luite, a mai declarat vineri prim-ministrul ungar, potrivit Reuters.Premierul Orban, un aliat al pre\u0219edintelui Donald Trump, a declarat c\u0103 a venit momentul &#8216;elimin\u0103rii acestor re\u021bele str\u0103ine&#8217;, acum c\u0103 administra\u021bia Trump ia \u00een considerare fuzionarea agen\u021biei de asisten\u021b\u0103 pentru dezvoltare a SUA (USAID) \u00een Departamentul de Stat \u00eentr-o reorganizare major\u0103 care ar alinia cheltuielile sale cu politica pre\u0219edintelui &#8216;America First&#8217; (&#8216;America pe primul loc&#8217;).&#8217;\u00cen America i-ar numi agen\u021bi, deoarece nu \u00ee\u0219i slujesc \u021bara, ci accept\u0103 bani de la o alt\u0103 putere&#8230; Noi nu \u00eei numim agen\u021bi&#8230; dar ace\u0219tia sunt oameni \u0219i organiza\u021bii pl\u0103ti\u021bi din str\u0103in\u0103tate a c\u0103ror sarcin\u0103 este s\u0103 r\u0103stoarne guvernul ungar&#8217;, a afirmat premierul Orban, potrivit Reuters.<\/p>","protected":false},"excerpt":{"rendered":"<p>&#8216;Trebuie s\u0103 fie m\u0103tura\u021bi&#8230; acum c\u0103 pre\u0219edintele SUA a \u00eenceput&#8217;, a declarat premierul spus Orban&hellip;<\/p>\n","protected":false},"author":0,"featured_media":30019,"comment_status":"open","ping_status":"open","sticky":false,"template":"","format":"standard","meta":{"footnotes":""},"categories":[2],"tags":[],"class_list":["post-30018","post","type-post","status-publish","format-standard","has-post-thumbnail","hentry","category-actual"],"_links":{"self":[{"href":"https:\/\/247stiri.ro\/index.php\/wp-json\/wp\/v2\/posts\/30018","targetHints":{"allow":["GET"]}}],"collection":[{"href":"https:\/\/247stiri.ro\/index.php\/wp-json\/wp\/v2\/posts"}],"about":[{"href":"https:\/\/247stiri.ro\/index.php\/wp-json\/wp\/v2\/types\/post"}],"replies":[{"embeddable":true,"href":"https:\/\/247stiri.ro\/index.php\/wp-json\/wp\/v2\/comments?post=30018"}],"version-history":[{"count":0,"href":"https:\/\/247stiri.ro\/index.php\/wp-json\/wp\/v2\/posts\/30018\/revisions"}],"wp:featuredmedia":[{"embeddable":true,"href":"https:\/\/247stiri.ro\/index.php\/wp-json\/wp\/v2\/media\/30019"}],"wp:attachment":[{"href":"https:\/\/247stiri.ro\/index.php\/wp-json\/wp\/v2\/media?parent=30018"}],"wp:term":[{"taxonomy":"category","embeddable":true,"href":"https:\/\/247stiri.ro\/index.php\/wp-json\/wp\/v2\/categories?post=30018"},{"taxonomy":"post_tag","embeddable":true,"href":"https:\/\/247stiri.ro\/index.php\/wp-json\/wp\/v2\/tags?post=30018"}],"curies":[{"name":"wp","href":"https:\/\/api.w.org\/{rel}","templated":true}]}}