{"id":30040,"date":"2025-02-07T20:46:43","date_gmt":"2025-02-07T20:46:43","guid":{"rendered":"https:\/\/247stiri.ro\/index.php\/2025\/02\/07\/ilie-bolojan-anunta-cand-se-va-discuta-in-parlament-suspendarea-presedintelui-ilegitim-klaus-iohannis\/"},"modified":"2025-02-07T20:46:43","modified_gmt":"2025-02-07T20:46:43","slug":"ilie-bolojan-anunta-cand-se-va-discuta-in-parlament-suspendarea-presedintelui-ilegitim-klaus-iohannis","status":"publish","type":"post","link":"https:\/\/247stiri.ro\/index.php\/2025\/02\/07\/ilie-bolojan-anunta-cand-se-va-discuta-in-parlament-suspendarea-presedintelui-ilegitim-klaus-iohannis\/","title":{"rendered":"Ilie Bolojan anun\u021b\u0103 c\u00e2nd se va discuta \u00een parlament suspendarea pre\u0219edintelui ilegitim Klaus Iohannis"},"content":{"rendered":"<p>&#8222;Cele dou\u0103 cereri care au fost depuse p\u00e2n\u0103 acum nu au respectat condi\u021biile de baz\u0103, \u00een sensul c\u0103 trebuiau depuse la ambele Camere. S-au depus doar la o singur\u0103 camer\u0103 prima dat\u0103 \u0219i abia la vreo s\u0103pt\u0103m\u00e2n\u0103 \u0219i c\u00e2teva zile la cea de-a doua camer\u0103, iar cea de-a doua cerere nu avea num\u0103rul necesar de semn\u0103turi pentru c\u0103 \u00eentre timp, p\u00e2n\u0103 la data organiz\u0103rii \u0219edin\u021bei, doi dintre cei care au semnat, fiind num\u0103rul exact, \u0219i-au retras semn\u0103turile. Prin urmare, au fost efectiv ni\u0219te motive, s\u0103 spunem, de tip birocratic dac\u0103 l-a\u0219 putea numi a\u0219a. Acum aceast\u0103 cerere are toate semn\u0103turile \u0219i cred c\u0103 s\u0103pt\u0103m\u00e2na viitoare va fi organizat, conform procedurii, un Birou comun al celor dou\u0103 Camere, care, constat\u00e2nd c\u0103 sunt respectate condi\u021biile de convocare a plenului reunit, aceast\u0103 cerere va ajunge pe ordinea de zi&#8221;, a spus Bolojan.El a precizat c\u0103 \u00een cazul acestei cereri sunt dou\u0103 direc\u021bii. &#8222;Sau se va face o comisie care va verifica acuzele care se aduc sau se va recurge la varianta prevederii constitu\u021bionale de a se trimite Cur\u021bii, pentru un punct de vedere care este consultativ. \u0218i \u00eentr-o variant\u0103 \u0219i \u00eentr-alta va fi un raport, un punct de vedere, care apoi, \u00eentr-o \u0219edin\u021b\u0103 ulterioar\u0103, va fi pus \u00een dezbatere \u0219i deci se va da un vot dac\u0103 \u00eentr-adev\u0103r se declan\u0219eaz\u0103 procedura de organizare a referendumului sau nu se declan\u0219eaz\u0103&#8221;, a afirmat pre\u0219edintele Senatului.Ilie Bolojan a reiterat c\u0103, \u00een varianta \u00een care aceast\u0103 cerere ar trece de Parlament, referendumul de suspendare s-ar organiza exact \u00een perioada campaniei pentru preziden\u021biale \u0219i dac\u0103 acesta ar trece alegerile ar trebui organizate dup\u0103 datele stabilite deja. \u00cen acest context, pre\u0219edintele Senatului a subliniat c\u0103 este un nonsens.&#8221;Dac\u0103 acel referendum ar trece, g\u00e2ndi\u021bi-v\u0103 c\u0103 practic ar trebui organizate alegeri preziden\u021biale ca un efect al trecerii referendumului dup\u0103 data stabilit\u0103 \u00een calendarul electoral, deci dup\u0103 data de 4 mai \u0219i de 18 mai. Prin urmare, este un nonsens institu\u021bional \u0219i aici nu se pune problema s\u0103 aperi un om, pe domnul Iohannis. Nu se pune aceast\u0103 problem\u0103. Dar cred c\u0103, dac\u0103 g\u00e2nde\u0219ti institu\u021bional, \u00ee\u021bi dai seama c\u0103 este un nonsens \u0219i pur \u0219i simplu dac\u0103 aperi, aperi o stabilitate institu\u021bional\u0103 a \u021b\u0103rii noastre. Aceasta este realitatea, nu e vorba de altceva&#8221;, a spus el.Pre\u0219edintele Senatului a reiterat c\u0103 cererea de suspendare a \u0219efului statului este un &#8222;joc politic&#8221;.&#8221;Partidele care fac aceast\u0103 chestiune, ce doresc de fapt? \u0218tiind c\u0103 pre\u0219edintele este la final de mandat, deci are o imagine public\u0103 dup\u0103 10 ani, to\u021bi pre\u0219edin\u021bii Rom\u00e2niei, c\u00e2nd au terminat mandatele, n-au mai fost \u00een v\u00e2rf de form\u0103, ci cu o cot\u0103 de \u00eencredere sc\u0103zut\u0103. Aceasta este realitatea. \u0218i atunci e foarte u\u0219or s\u0103 te urci pe un val din \u0103sta de tip popular, s\u0103 critici, caut\u0103 s\u0103-\u0219i mobilizeze electoratele \u0219i s\u0103 se preg\u0103teasc\u0103 pentru a \u021bine, s\u0103 spunem, electoratul \u00een priz\u0103 pentru alegerile preziden\u021biale din 4 \u0219i 18 mai. Este practic un joc politic. Dar orice joc politic are limitele lui c\u00e2t timp echilibrele \u021b\u0103rii noastre sunt men\u021binute \u0219i o stabilitate institu\u021bional\u0103 este asigurat\u0103. G\u00e2ndi\u021bi-v\u0103 c\u0103 pre\u0219edintele Iohannis, \u00een oricare din situa\u021bii, mai are, nu \u0219tiu, maxim 100 de zile de mandat, deci nu influen\u021beaz\u0103, s\u0103 spunem, sub nicio form\u0103 lucrurile care se \u00eent\u00e2mpl\u0103 \u0219i asta este situa\u021bia&#8221;, a conchis Bolojan.Partidul Oamenilor Tineri a anun\u021bat, miercuri, c\u0103 a redepus din nou cererea \u0219i semn\u0103turile pentru suspendarea pre\u0219edintelui Klaus Iohannis, la Camera Deputa\u021bilor \u0219i la Senat.Cererea este semnat\u0103 acum de 178 de parlamentari de la POT, AUR, S.O.S. Rom\u00e2nia \u0219i USR. Liderul POT, Anamaria Gavril\u0103, a afirmat, \u00eentr-o postare pe pagina sa de Facebook, c\u0103 au fost ad\u0103ugate 26 de semn\u0103turi ale unor parlamentari ai USR.<\/p>","protected":false},"excerpt":{"rendered":"<p>&#8222;Cele dou\u0103 cereri care au fost depuse p\u00e2n\u0103 acum nu au respectat condi\u021biile de baz\u0103,&hellip;<\/p>\n","protected":false},"author":0,"featured_media":30036,"comment_status":"open","ping_status":"open","sticky":false,"template":"","format":"standard","meta":{"footnotes":""},"categories":[2],"tags":[],"class_list":["post-30040","post","type-post","status-publish","format-standard","has-post-thumbnail","hentry","category-actual"],"_links":{"self":[{"href":"https:\/\/247stiri.ro\/index.php\/wp-json\/wp\/v2\/posts\/30040","targetHints":{"allow":["GET"]}}],"collection":[{"href":"https:\/\/247stiri.ro\/index.php\/wp-json\/wp\/v2\/posts"}],"about":[{"href":"https:\/\/247stiri.ro\/index.php\/wp-json\/wp\/v2\/types\/post"}],"replies":[{"embeddable":true,"href":"https:\/\/247stiri.ro\/index.php\/wp-json\/wp\/v2\/comments?post=30040"}],"version-history":[{"count":0,"href":"https:\/\/247stiri.ro\/index.php\/wp-json\/wp\/v2\/posts\/30040\/revisions"}],"wp:featuredmedia":[{"embeddable":true,"href":"https:\/\/247stiri.ro\/index.php\/wp-json\/wp\/v2\/media\/30036"}],"wp:attachment":[{"href":"https:\/\/247stiri.ro\/index.php\/wp-json\/wp\/v2\/media?parent=30040"}],"wp:term":[{"taxonomy":"category","embeddable":true,"href":"https:\/\/247stiri.ro\/index.php\/wp-json\/wp\/v2\/categories?post=30040"},{"taxonomy":"post_tag","embeddable":true,"href":"https:\/\/247stiri.ro\/index.php\/wp-json\/wp\/v2\/tags?post=30040"}],"curies":[{"name":"wp","href":"https:\/\/api.w.org\/{rel}","templated":true}]}}