{"id":30054,"date":"2025-02-07T21:50:22","date_gmt":"2025-02-07T21:50:22","guid":{"rendered":"https:\/\/247stiri.ro\/index.php\/2025\/02\/07\/daniel-david-a-tras-concluzia-ca-dupa-incheierea-probelor-de-competente-ale-bacalaureatului-modul-de-organizare-al-celor-implicati-poate-fi-un-model-pentru-schimbarea-educatiei-in-romania\/"},"modified":"2025-02-07T21:50:22","modified_gmt":"2025-02-07T21:50:22","slug":"daniel-david-a-tras-concluzia-ca-dupa-incheierea-probelor-de-competente-ale-bacalaureatului-modul-de-organizare-al-celor-implicati-poate-fi-un-model-pentru-schimbarea-educatiei-in-romania","status":"publish","type":"post","link":"https:\/\/247stiri.ro\/index.php\/2025\/02\/07\/daniel-david-a-tras-concluzia-ca-dupa-incheierea-probelor-de-competente-ale-bacalaureatului-modul-de-organizare-al-celor-implicati-poate-fi-un-model-pentru-schimbarea-educatiei-in-romania\/","title":{"rendered":"Daniel David a tras concluzia c\u0103 dup\u0103 \u00eencheierea probelor de competen\u021be ale bacalaureatului, modul de organizare al celor implica\u021bi poate fi un model pentru schimbarea educa\u021biei \u00een Rom\u00e2nia"},"content":{"rendered":"<p>\u201e\u00cen ciuda faptului c\u0103 a fost o relativ\u0103 noutate, primit\u0103, ini\u0163ial, pe bun\u0103 dreptate, cu rezerv\u0103 \u015fi \u00eengrijorare de unii actori din educa\u0163ie \u015fi societate &#8211; pe alocuri cer\u00e2ndu-mi-se s\u0103 le anulez, deoarece nu se pot organiza -, \u00een final, a\u015fa cum am anticipat, prin implicarea ministerului, profesorilor \u015fi managerilor \u00een beneficiul elevilor, lucrurile s-au desf\u0103\u015furat \u00een condi\u0163ii bune, f\u0103r\u0103 probleme majore\u201d, transmite, vineri sear\u0103, Daniel David.\u00a0Ministrul subliniaz\u0103 c\u0103 au existat \u015fi \u201eunele dificult\u0103\u0163i inerente care au ap\u0103rut \u00eentr-un demers at\u00e2t de complex\u201d, dar c\u0103 acestea au fost rezolvate mai ales pe plan local, f\u0103r\u0103 implicarea ministerului.\u00a0\u201eAcest model colaborativ este solu\u0163ia pentru schimb\u0103ri de succes \u00een domeniul nostru.\u00cei felicit pe elevi \u015fi le mul\u0163umesc tuturor celor implica\u0163i!\u201d, adaug\u0103 ministrul.\u00a0\u00a0Elevii de clasa a XII-a au sus\u0163inut, s\u0103pt\u0103m\u00e2na trecut\u0103 \u015fi s\u0103pt\u0103m\u00e2na aceasta, probele de evaluare a competen\u0163elor \u00een cadrul examenului de bacalaureat. Acestea nu sunt evaluate cu note, ci cu calificative: \u00eencep\u0103tor, mediu, avansat, experimentat. Test\u0103rile din acest an \u015fcolar s-au desf\u0103\u015furat \u00een baza unei metodologii elaborate \u00een anul 2024, pe care ministrul a anun\u0163at c\u0103 nu a modificat-o \u201edin respect\u201d pentru elevi.<\/p>","protected":false},"excerpt":{"rendered":"<p>\u201e\u00cen ciuda faptului c\u0103 a fost o relativ\u0103 noutate, primit\u0103, ini\u0163ial, pe bun\u0103 dreptate, cu&hellip;<\/p>\n","protected":false},"author":0,"featured_media":30055,"comment_status":"open","ping_status":"open","sticky":false,"template":"","format":"standard","meta":{"footnotes":""},"categories":[2],"tags":[],"class_list":["post-30054","post","type-post","status-publish","format-standard","has-post-thumbnail","hentry","category-actual"],"_links":{"self":[{"href":"https:\/\/247stiri.ro\/index.php\/wp-json\/wp\/v2\/posts\/30054","targetHints":{"allow":["GET"]}}],"collection":[{"href":"https:\/\/247stiri.ro\/index.php\/wp-json\/wp\/v2\/posts"}],"about":[{"href":"https:\/\/247stiri.ro\/index.php\/wp-json\/wp\/v2\/types\/post"}],"replies":[{"embeddable":true,"href":"https:\/\/247stiri.ro\/index.php\/wp-json\/wp\/v2\/comments?post=30054"}],"version-history":[{"count":0,"href":"https:\/\/247stiri.ro\/index.php\/wp-json\/wp\/v2\/posts\/30054\/revisions"}],"wp:featuredmedia":[{"embeddable":true,"href":"https:\/\/247stiri.ro\/index.php\/wp-json\/wp\/v2\/media\/30055"}],"wp:attachment":[{"href":"https:\/\/247stiri.ro\/index.php\/wp-json\/wp\/v2\/media?parent=30054"}],"wp:term":[{"taxonomy":"category","embeddable":true,"href":"https:\/\/247stiri.ro\/index.php\/wp-json\/wp\/v2\/categories?post=30054"},{"taxonomy":"post_tag","embeddable":true,"href":"https:\/\/247stiri.ro\/index.php\/wp-json\/wp\/v2\/tags?post=30054"}],"curies":[{"name":"wp","href":"https:\/\/api.w.org\/{rel}","templated":true}]}}