{"id":30056,"date":"2025-02-07T21:50:22","date_gmt":"2025-02-07T21:50:22","guid":{"rendered":"https:\/\/247stiri.ro\/index.php\/2025\/02\/07\/suma-fabuloasa-cu-care-s-a-vandut-o-vioara-stradivarius-veche-de-peste-300-de-ani\/"},"modified":"2025-02-07T21:50:22","modified_gmt":"2025-02-07T21:50:22","slug":"suma-fabuloasa-cu-care-s-a-vandut-o-vioara-stradivarius-veche-de-peste-300-de-ani","status":"publish","type":"post","link":"https:\/\/247stiri.ro\/index.php\/2025\/02\/07\/suma-fabuloasa-cu-care-s-a-vandut-o-vioara-stradivarius-veche-de-peste-300-de-ani\/","title":{"rendered":"Suma fabuloas\u0103 cu care s-a v\u00e2ndut o vioar\u0103 Stradivarius veche de peste 300 de ani"},"content":{"rendered":"<p>Oferta c\u00e2\u0219tig\u0103toare pentru a\u0219a-numit\u0103 vioara Stradivarius Joachim-M\u0103 a fost cu aproape 5 milioane de dolari mai pu\u021bin dec\u00e2t recordul de 15,9 milioane de dolari pl\u0103tit \u00een 2011 pentru un Stradivarius Lady Blunt, numit dup\u0103 fiica lui Lord Byron.<\/p>\n<p>Banii vor fi folosi\u021bi \u00een principal pentru burse pentru tinerii violoni\u0219ti aspiran\u021bi la colegiul muzical din Boston. Andrea Kalyn, pre\u0219edintele Conservatorului, a spus c\u0103 instrumentul a fost un obiect de pre\u021b \u0219i c\u00e2\u021biva studen\u021bi s-au bucurat de privilegiul de a c\u00e2nta la el, dar \u0219coal\u0103 a sim\u021bit \u00een cele din urm\u0103 c\u0103 era momentul potrivit pentru a vinde.<\/p>\n<p>\u201eAcum avem \u00eentr-adev\u0103r \u0219ans\u0103 de a ajut\u0103 at\u00e2t de mul\u021bi studen\u021bi, genera\u021bii de studen\u021bi care vor veni\u201d, a spus ea pentru New York Times.<\/p>\n<p>Geneva Lewis, absolvent\u0103 a Conservatorului din Boston a c\u00e2ntat Largo, din Sonata nr. 3 a lui Bach la vioara Jochim-M\u0103 pentru participan\u021bii la v\u00e2nzare \u00eenainte de licita\u021bie.<\/p>\n<p>Se crede c\u0103 au supravie\u021buit doar aproximativ 600 de instrumente realizate de produc\u0103torul italian de viori Antonio Stradivari \u0219i de familia s\u0103 la sf\u00e2r\u0219itul secolului al XVII-lea \u0219i \u00eenceputul secolului al XVIII-lea, \u00een mare parte la colec\u021bionari. V\u00e2nz\u0103rile private au ajuns p\u00e2n\u0103 la 20 de milioane de dolari.<\/p>\n<p>Vioara Joachim-M\u0103 a fost una dintre c\u00e2teva de\u021binute c\u00e2ndva de virtuozul \u0219i compozitorul maghiar, poate cel mai bine cunoscut pentru interpretarea \u00een premier\u0103 a concertului pentru vioara al lui Brahms \u00een 1879.\u00a0<\/p>","protected":false},"excerpt":{"rendered":"<p>Oferta c\u00e2\u0219tig\u0103toare pentru a\u0219a-numit\u0103 vioara Stradivarius Joachim-M\u0103 a fost cu aproape 5 milioane de dolari&hellip;<\/p>\n","protected":false},"author":0,"featured_media":30044,"comment_status":"open","ping_status":"open","sticky":false,"template":"","format":"standard","meta":{"footnotes":""},"categories":[2],"tags":[],"class_list":["post-30056","post","type-post","status-publish","format-standard","has-post-thumbnail","hentry","category-actual"],"_links":{"self":[{"href":"https:\/\/247stiri.ro\/index.php\/wp-json\/wp\/v2\/posts\/30056","targetHints":{"allow":["GET"]}}],"collection":[{"href":"https:\/\/247stiri.ro\/index.php\/wp-json\/wp\/v2\/posts"}],"about":[{"href":"https:\/\/247stiri.ro\/index.php\/wp-json\/wp\/v2\/types\/post"}],"replies":[{"embeddable":true,"href":"https:\/\/247stiri.ro\/index.php\/wp-json\/wp\/v2\/comments?post=30056"}],"version-history":[{"count":0,"href":"https:\/\/247stiri.ro\/index.php\/wp-json\/wp\/v2\/posts\/30056\/revisions"}],"wp:featuredmedia":[{"embeddable":true,"href":"https:\/\/247stiri.ro\/index.php\/wp-json\/wp\/v2\/media\/30044"}],"wp:attachment":[{"href":"https:\/\/247stiri.ro\/index.php\/wp-json\/wp\/v2\/media?parent=30056"}],"wp:term":[{"taxonomy":"category","embeddable":true,"href":"https:\/\/247stiri.ro\/index.php\/wp-json\/wp\/v2\/categories?post=30056"},{"taxonomy":"post_tag","embeddable":true,"href":"https:\/\/247stiri.ro\/index.php\/wp-json\/wp\/v2\/tags?post=30056"}],"curies":[{"name":"wp","href":"https:\/\/api.w.org\/{rel}","templated":true}]}}