{"id":30057,"date":"2025-02-07T21:50:23","date_gmt":"2025-02-07T21:50:23","guid":{"rendered":"https:\/\/247stiri.ro\/index.php\/2025\/02\/07\/s-a-trezit-cu-politia-la-usa-dupa-ce-si-a-abandonat-cainele-pe-un-camp-amenda-a-fost-usturatoare\/"},"modified":"2025-02-07T21:50:23","modified_gmt":"2025-02-07T21:50:23","slug":"s-a-trezit-cu-politia-la-usa-dupa-ce-si-a-abandonat-cainele-pe-un-camp-amenda-a-fost-usturatoare","status":"publish","type":"post","link":"https:\/\/247stiri.ro\/index.php\/2025\/02\/07\/s-a-trezit-cu-politia-la-usa-dupa-ce-si-a-abandonat-cainele-pe-un-camp-amenda-a-fost-usturatoare\/","title":{"rendered":"S-a trezit cu poli\u021bia la u\u0219\u0103 dup\u0103 ce \u0219i-a abandonat c\u00e2inele pe un c\u00e2mp. Amenda a fost ustur\u0103toare"},"content":{"rendered":"<p>&#8222;Un b\u0103rbat, de 43 de ani, din Ib\u0103ne\u0219ti, a fost sanc\u021bionat cu o amend\u0103 contraven\u021bional\u0103 \u00een valoare de 12.000 de lei, dup\u0103 ce \u0219i-a abandonat c\u00e2inele pe un c\u00e2mp. Ulterior, \u00een urma verific\u0103rilor efectuate la domiciliul acestuia privind condi\u021biile de trai ale exemplarelor canine aflate \u00een \u00eengrijirea sa, i-au mai fost aplicate alte 6 sanc\u021biuni contraven\u021bionale, \u00een valoare de 13.500 de lei. La data de 7 februarie 2025, poli\u021bi\u0219tii Biroului pentru Protec\u021bia Animalelor Mure\u0219 au fost sesiza\u021bi cu privire la faptul c\u0103 un b\u0103rbat \u0219i-ar fi abandonat c\u00e2inele pe un teren din Gurghiu&#8221;, a anun\u021bat, vineri seara, 7 februarie, Inspectoratul de Poli\u021bie Jude\u021bean (IPJ) Mure\u0219.<\/p>\n<p>\u00cen prima faz\u0103, b\u0103rbatul a fost sanc\u021bionat cu o amend\u0103 contraven\u021bional\u0103 \u00een valoare de 12.000 de lei, pentru abandonul c\u00e2inelui, iar dup\u0103 verific\u0103rile efectuate la domiciliul acestuia, a fost descoperit un c\u00e2ine rasa Kangal, care prezenta urechile cupate.<\/p>\n<p>\u00cen curtea b\u0103rbatului au mai fost identifica\u021bi alti cinci c\u00e2ini, dintre care unul din categoria raselor periculoase, nemicrocipa\u021bi, ne\u00eenregistra\u021bi, iar cei din rasa comun\u0103, nesteriliza\u021bi.<\/p>\n<p>To\u021bi cei \u0219apte c\u00e2ini au fost plasa\u021bi \u00een ad\u0103post, c\u00e2inele abandonat fiind preluat de Asocia\u021bia Save&amp;Smile.<\/p>","protected":false},"excerpt":{"rendered":"<p>&#8222;Un b\u0103rbat, de 43 de ani, din Ib\u0103ne\u0219ti, a fost sanc\u021bionat cu o amend\u0103 contraven\u021bional\u0103&hellip;<\/p>\n","protected":false},"author":0,"featured_media":30046,"comment_status":"open","ping_status":"open","sticky":false,"template":"","format":"standard","meta":{"footnotes":""},"categories":[2],"tags":[],"class_list":["post-30057","post","type-post","status-publish","format-standard","has-post-thumbnail","hentry","category-actual"],"_links":{"self":[{"href":"https:\/\/247stiri.ro\/index.php\/wp-json\/wp\/v2\/posts\/30057","targetHints":{"allow":["GET"]}}],"collection":[{"href":"https:\/\/247stiri.ro\/index.php\/wp-json\/wp\/v2\/posts"}],"about":[{"href":"https:\/\/247stiri.ro\/index.php\/wp-json\/wp\/v2\/types\/post"}],"replies":[{"embeddable":true,"href":"https:\/\/247stiri.ro\/index.php\/wp-json\/wp\/v2\/comments?post=30057"}],"version-history":[{"count":0,"href":"https:\/\/247stiri.ro\/index.php\/wp-json\/wp\/v2\/posts\/30057\/revisions"}],"wp:featuredmedia":[{"embeddable":true,"href":"https:\/\/247stiri.ro\/index.php\/wp-json\/wp\/v2\/media\/30046"}],"wp:attachment":[{"href":"https:\/\/247stiri.ro\/index.php\/wp-json\/wp\/v2\/media?parent=30057"}],"wp:term":[{"taxonomy":"category","embeddable":true,"href":"https:\/\/247stiri.ro\/index.php\/wp-json\/wp\/v2\/categories?post=30057"},{"taxonomy":"post_tag","embeddable":true,"href":"https:\/\/247stiri.ro\/index.php\/wp-json\/wp\/v2\/tags?post=30057"}],"curies":[{"name":"wp","href":"https:\/\/api.w.org\/{rel}","templated":true}]}}