{"id":30070,"date":"2025-02-08T06:49:26","date_gmt":"2025-02-08T06:49:26","guid":{"rendered":"https:\/\/247stiri.ro\/index.php\/2025\/02\/08\/ion-cristoiu-nu-crede-ca-faraonul-ilegitim-iohannis-va-pleca-de-la-cotroceni-video\/"},"modified":"2025-02-08T06:49:26","modified_gmt":"2025-02-08T06:49:26","slug":"ion-cristoiu-nu-crede-ca-faraonul-ilegitim-iohannis-va-pleca-de-la-cotroceni-video","status":"publish","type":"post","link":"https:\/\/247stiri.ro\/index.php\/2025\/02\/08\/ion-cristoiu-nu-crede-ca-faraonul-ilegitim-iohannis-va-pleca-de-la-cotroceni-video\/","title":{"rendered":"Ion Cristoiu nu crede c\u0103 faraonul ilegitim Iohannis va pleca de la Cotroceni &#8211; VIDEO"},"content":{"rendered":"<p>\u00centr-un editorial video, Cristoiu &#8222;a garantat&#8221; c\u0103 Iohannis nu va demisiona pentru c\u0103 are \u00een continuare sus\u021binerea conducerii Uniunii Europene, care face eforturi de a bloca &#8222;adierea revolu\u021biei Trump&#8221; \u00een \u021b\u0103ri din Europa. \u00cen al doilea r\u00e2nd, pre\u0219edintele ilegitim se teme de scenariul venirii la putere, ca interimar, a lui Ilie<a href=\"https:\/\/www.realitatea.net\/stiri\/actual\/ilie-bolojan-anunta-cand-se-va-discuta-in-parlament-suspendarea-presedintelui-ilegitim-klaus-iohannis_67a666de9404d32fe048f432\" target=\"_blank\"> Bolojan.<\/a><\/p>\n<p><a title=\"@ioncristoiu\" href=\"https:\/\/www.tiktok.com\/@ioncristoiu?refer=embed\" target=\"_blank\">@ioncristoiu<\/a> <a title=\"cezicecristoiu\" href=\"https:\/\/www.tiktok.com\/tag\/cezicecristoiu?refer=embed\" target=\"_blank\">#cezicecristoiu<\/a> <a title=\"stiricomentate\" href=\"https:\/\/www.tiktok.com\/tag\/stiricomentate?refer=embed\" target=\"_blank\">#stiricomentate<\/a> <a title=\"klausiohannis\" href=\"https:\/\/www.tiktok.com\/tag\/klausiohannis?refer=embed\" target=\"_blank\">#klausiohannis<\/a> <a title=\"demisie\" href=\"https:\/\/www.tiktok.com\/tag\/demisie?refer=embed\" target=\"_blank\">#demisie<\/a> <a title=\"\u266c sunet original - ioncristoiu\" href=\"https:\/\/www.tiktok.com\/music\/sunet-original-7468678790214847255?refer=embed\" target=\"_blank\">\u266c sunet original &#8211; ioncristoiu<\/a><\/p>","protected":false},"excerpt":{"rendered":"<p>\u00centr-un editorial video, Cristoiu &#8222;a garantat&#8221; c\u0103 Iohannis nu va demisiona pentru c\u0103 are \u00een&hellip;<\/p>\n","protected":false},"author":0,"featured_media":30065,"comment_status":"open","ping_status":"open","sticky":false,"template":"","format":"standard","meta":{"footnotes":""},"categories":[2],"tags":[],"class_list":["post-30070","post","type-post","status-publish","format-standard","has-post-thumbnail","hentry","category-actual"],"_links":{"self":[{"href":"https:\/\/247stiri.ro\/index.php\/wp-json\/wp\/v2\/posts\/30070","targetHints":{"allow":["GET"]}}],"collection":[{"href":"https:\/\/247stiri.ro\/index.php\/wp-json\/wp\/v2\/posts"}],"about":[{"href":"https:\/\/247stiri.ro\/index.php\/wp-json\/wp\/v2\/types\/post"}],"replies":[{"embeddable":true,"href":"https:\/\/247stiri.ro\/index.php\/wp-json\/wp\/v2\/comments?post=30070"}],"version-history":[{"count":0,"href":"https:\/\/247stiri.ro\/index.php\/wp-json\/wp\/v2\/posts\/30070\/revisions"}],"wp:featuredmedia":[{"embeddable":true,"href":"https:\/\/247stiri.ro\/index.php\/wp-json\/wp\/v2\/media\/30065"}],"wp:attachment":[{"href":"https:\/\/247stiri.ro\/index.php\/wp-json\/wp\/v2\/media?parent=30070"}],"wp:term":[{"taxonomy":"category","embeddable":true,"href":"https:\/\/247stiri.ro\/index.php\/wp-json\/wp\/v2\/categories?post=30070"},{"taxonomy":"post_tag","embeddable":true,"href":"https:\/\/247stiri.ro\/index.php\/wp-json\/wp\/v2\/tags?post=30070"}],"curies":[{"name":"wp","href":"https:\/\/api.w.org\/{rel}","templated":true}]}}