{"id":30072,"date":"2025-02-08T06:49:27","date_gmt":"2025-02-08T06:49:27","guid":{"rendered":"https:\/\/247stiri.ro\/index.php\/2025\/02\/08\/pompier-rani-grav-in-urma-unei-explozii-produse-la-stingerea-unui-incendiu-in-prahova-doi-jandarmi-raniti-in-interventie-foto-video\/"},"modified":"2025-02-08T06:49:27","modified_gmt":"2025-02-08T06:49:27","slug":"pompier-rani-grav-in-urma-unei-explozii-produse-la-stingerea-unui-incendiu-in-prahova-doi-jandarmi-raniti-in-interventie-foto-video","status":"publish","type":"post","link":"https:\/\/247stiri.ro\/index.php\/2025\/02\/08\/pompier-rani-grav-in-urma-unei-explozii-produse-la-stingerea-unui-incendiu-in-prahova-doi-jandarmi-raniti-in-interventie-foto-video\/","title":{"rendered":"Pompier r\u0103ni grav \u00een urma unei explozii produse la stingerea unui incendiu, \u00een Prahova. Doi jandarmi, r\u0103ni\u021bi \u00een interven\u021bie &#8211; FOTO\/VIDEO"},"content":{"rendered":"<p>Martorii sus\u021bin c\u0103 dup\u0103 izbucnirea focului, fl\u0103c\u0103rile s-au extins \u0219i la locuin\u021bele \u00eenvecinate. Conform ISU Prahova, o butelie aflat\u0103 \u00een una din casele cuprinse de fl\u0103c\u0103ri a explodat, scrie <a href=\"https:\/\/www.observatorulph.ro\/eveniment\/2745856-imagini-de-la-incendiul-din-ploiesti-ard-doua-case-video\" target=\"_blank\">Observatorul Prahovean.<\/a><\/p>\n<p>Trei cadre militare, un pompier \u0219i doi jandarmi, afla\u021bi \u00een proximitea imobilelor afectate de incendiu (pe domeniul public), au fost surprinse de suflul exploziei unei butelii aflate in unul dintre acestea.<\/p>\n<p>Potrivit Inspectoratului pentru Situa\u021bii de Urgen\u021b\u0103 Prahova, incendiul a afectat o suprafa\u021b\u0103 de aproximativ 400 mp.&#8217;Pe timpul misiunii de stingere a incendiului, trei cadre militare, un pompier \u0219i doi jandarmi afla\u021bi \u00een proximitatea imobilelor afectate de incendiu (pe domeniul public), au fost surprinse de suflul exploziei unei butelii aflate \u00een unul dintre acestea&#8217;, a informat ISU Prahova.<\/p>\n<p>\u00a0\u00a0\u00a0<\/p>\n<p>\u00a0<\/p>","protected":false},"excerpt":{"rendered":"<p>Martorii sus\u021bin c\u0103 dup\u0103 izbucnirea focului, fl\u0103c\u0103rile s-au extins \u0219i la locuin\u021bele \u00eenvecinate. Conform ISU&hellip;<\/p>\n","protected":false},"author":0,"featured_media":30073,"comment_status":"open","ping_status":"open","sticky":false,"template":"","format":"standard","meta":{"footnotes":""},"categories":[2],"tags":[],"class_list":["post-30072","post","type-post","status-publish","format-standard","has-post-thumbnail","hentry","category-actual"],"_links":{"self":[{"href":"https:\/\/247stiri.ro\/index.php\/wp-json\/wp\/v2\/posts\/30072","targetHints":{"allow":["GET"]}}],"collection":[{"href":"https:\/\/247stiri.ro\/index.php\/wp-json\/wp\/v2\/posts"}],"about":[{"href":"https:\/\/247stiri.ro\/index.php\/wp-json\/wp\/v2\/types\/post"}],"replies":[{"embeddable":true,"href":"https:\/\/247stiri.ro\/index.php\/wp-json\/wp\/v2\/comments?post=30072"}],"version-history":[{"count":0,"href":"https:\/\/247stiri.ro\/index.php\/wp-json\/wp\/v2\/posts\/30072\/revisions"}],"wp:featuredmedia":[{"embeddable":true,"href":"https:\/\/247stiri.ro\/index.php\/wp-json\/wp\/v2\/media\/30073"}],"wp:attachment":[{"href":"https:\/\/247stiri.ro\/index.php\/wp-json\/wp\/v2\/media?parent=30072"}],"wp:term":[{"taxonomy":"category","embeddable":true,"href":"https:\/\/247stiri.ro\/index.php\/wp-json\/wp\/v2\/categories?post=30072"},{"taxonomy":"post_tag","embeddable":true,"href":"https:\/\/247stiri.ro\/index.php\/wp-json\/wp\/v2\/tags?post=30072"}],"curies":[{"name":"wp","href":"https:\/\/api.w.org\/{rel}","templated":true}]}}