{"id":30090,"date":"2025-02-08T08:46:48","date_gmt":"2025-02-08T08:46:48","guid":{"rendered":"https:\/\/247stiri.ro\/index.php\/2025\/02\/08\/masina-de-lux-cautata-in-olanda-gasita-la-alba-iulia-cine-se-afla-la-volanul-autoturismului-video\/"},"modified":"2025-02-08T08:46:48","modified_gmt":"2025-02-08T08:46:48","slug":"masina-de-lux-cautata-in-olanda-gasita-la-alba-iulia-cine-se-afla-la-volanul-autoturismului-video","status":"publish","type":"post","link":"https:\/\/247stiri.ro\/index.php\/2025\/02\/08\/masina-de-lux-cautata-in-olanda-gasita-la-alba-iulia-cine-se-afla-la-volanul-autoturismului-video\/","title":{"rendered":"Ma\u0219in\u0103 de lux c\u0103utat\u0103 \u00een Olanda, g\u0103sit\u0103 la Alba Iulia. Cine se afla la volanul autoturismului &#8211; VIDEO"},"content":{"rendered":"<p>Potrivit IPJ Alba, vineri, 7 februarie 2025, \u00een jurul orei 23.10, poli\u021bi\u0219tii Serviciului Rutier Alba au identificat \u0219i oprit un autoturism, pentru control, pe strada Calea Mo\u021bilor din municipiul Alba Iulia, scria Alba24.ro.<\/p>\n<p>La verific\u0103rile \u00een bazele de date ale Poli\u021biei Rom\u00e2ne s-a descoperit c\u0103 autoturismul avea o semnalare de furt din partea autorit\u0103\u021bilor olandeze, fiind susceptibil a proveni din comiterea unei infrac\u021biuni.<\/p>\n<p>A fost solicitat sprijinul poli\u021bi\u0219tilor din cadrul Serviciului de Investiga\u021bii Criminale Alba, care s-au sesizat din oficiu cu privire la s\u0103v\u00e2r\u0219irea infrac\u021biunii de t\u0103inuire \u0219i au indisponibilizat autoturismul.<\/p>\n<p>Autoturismul se afl\u0103 \u00een custodia Inspectoratului de Poli\u021bie Jude\u021bean Alba, iar cercet\u0103rile vor fi continuate sub coordonarea Parchetului de pe l\u00e2ng\u0103 Judec\u0103toria Alba Iulia.<\/p>\n<p><a href=\"https:\/\/alba24.ro\/video-masina-de-lux-cautata-in-olanda-gasita-la-alba-iulia-cine-se-afla-la-volanul-autoturismului-1067882.html\" target=\"_blank\">VIDEO<\/a><\/p>","protected":false},"excerpt":{"rendered":"<p>Potrivit IPJ Alba, vineri, 7 februarie 2025, \u00een jurul orei 23.10, poli\u021bi\u0219tii Serviciului Rutier Alba&hellip;<\/p>\n","protected":false},"author":0,"featured_media":30091,"comment_status":"open","ping_status":"open","sticky":false,"template":"","format":"standard","meta":{"footnotes":""},"categories":[2],"tags":[],"class_list":["post-30090","post","type-post","status-publish","format-standard","has-post-thumbnail","hentry","category-actual"],"_links":{"self":[{"href":"https:\/\/247stiri.ro\/index.php\/wp-json\/wp\/v2\/posts\/30090","targetHints":{"allow":["GET"]}}],"collection":[{"href":"https:\/\/247stiri.ro\/index.php\/wp-json\/wp\/v2\/posts"}],"about":[{"href":"https:\/\/247stiri.ro\/index.php\/wp-json\/wp\/v2\/types\/post"}],"replies":[{"embeddable":true,"href":"https:\/\/247stiri.ro\/index.php\/wp-json\/wp\/v2\/comments?post=30090"}],"version-history":[{"count":0,"href":"https:\/\/247stiri.ro\/index.php\/wp-json\/wp\/v2\/posts\/30090\/revisions"}],"wp:featuredmedia":[{"embeddable":true,"href":"https:\/\/247stiri.ro\/index.php\/wp-json\/wp\/v2\/media\/30091"}],"wp:attachment":[{"href":"https:\/\/247stiri.ro\/index.php\/wp-json\/wp\/v2\/media?parent=30090"}],"wp:term":[{"taxonomy":"category","embeddable":true,"href":"https:\/\/247stiri.ro\/index.php\/wp-json\/wp\/v2\/categories?post=30090"},{"taxonomy":"post_tag","embeddable":true,"href":"https:\/\/247stiri.ro\/index.php\/wp-json\/wp\/v2\/tags?post=30090"}],"curies":[{"name":"wp","href":"https:\/\/api.w.org\/{rel}","templated":true}]}}