{"id":30106,"date":"2025-02-08T09:45:51","date_gmt":"2025-02-08T09:45:51","guid":{"rendered":"https:\/\/247stiri.ro\/index.php\/2025\/02\/08\/trump-i-a-taiat-lui-biden-accesul-la-secretele-de-la-casa-alba-joe-esti-concediat\/"},"modified":"2025-02-08T09:45:51","modified_gmt":"2025-02-08T09:45:51","slug":"trump-i-a-taiat-lui-biden-accesul-la-secretele-de-la-casa-alba-joe-esti-concediat","status":"publish","type":"post","link":"https:\/\/247stiri.ro\/index.php\/2025\/02\/08\/trump-i-a-taiat-lui-biden-accesul-la-secretele-de-la-casa-alba-joe-esti-concediat\/","title":{"rendered":"Trump i-a t\u0103iat lui Biden accesul la secretele de la Casa Alb\u0103. &#8222;Joe, e\u0219ti CONCEDIAT!&#8221;"},"content":{"rendered":"<p>&#8222;Nu este nevoie ca Joe Biden s\u0103 continue s\u0103 aib\u0103 acces la informa\u021bii clasificate&#8221;, a scris pre\u0219edintele american pe re\u021beaua sa social\u0103 Truth Social, ad\u0103ug\u00e2nd: &#8222;JOE, e\u0219ti concediat&#8221;.&#8221;Prin urmare, revoc\u0103m imediat accesul lui Joe Biden la informa\u021bii secrete \u0219i \u00eencheiem raport\u0103rile zilnice pe care le prime\u0219te de la agen\u021biile de informa\u021bii&#8221;, a ad\u0103ugat republicanul, care s-a \u00eentors la Casa Alb\u0103 \u00een urm\u0103 cu mai pu\u021bin de trei s\u0103pt\u0103m\u00e2ni, scrie Agerpres.<\/p>\n<p>Trump \u0219i-a motivat decizia prin faptul c\u0103 \u0219i Biden a f\u0103cut acela\u0219i lucru \u00een cazul s\u0103u, \u00een 2021, f\u0103r\u0103 a men\u021biona \u00eens\u0103 c\u0103 decizia precedesorului s\u0103u a venit dup\u0103 asaltul de la Capitoliu din 6 ianuarie 2021, insitugat \u0219i sus\u021binut tacit de Trump.<\/p>\n<p>Donald Trump a fost, de asemenea, acuzat de compromiterea securit\u0103\u021bii na\u021bionale prin p\u0103strarea la re\u0219edin\u021ba sa privat\u0103 de documente confiden\u021biale, \u00eentre care planuri militare \u0219i informa\u021bii privind armele nucleare, dup\u0103 \u00eencheierea mandatului s\u0103u, de\u0219i ar fi trebuit s\u0103 le predea Arhivelor Na\u021bionale.Cazul a fost \u00eens\u0103 clasat dup\u0103 victoria sa la alegerile preziden\u021biale din noiembrie.<\/p>","protected":false},"excerpt":{"rendered":"<p>&#8222;Nu este nevoie ca Joe Biden s\u0103 continue s\u0103 aib\u0103 acces la informa\u021bii clasificate&#8221;, a&hellip;<\/p>\n","protected":false},"author":0,"featured_media":30100,"comment_status":"open","ping_status":"open","sticky":false,"template":"","format":"standard","meta":{"footnotes":""},"categories":[2],"tags":[],"class_list":["post-30106","post","type-post","status-publish","format-standard","has-post-thumbnail","hentry","category-actual"],"_links":{"self":[{"href":"https:\/\/247stiri.ro\/index.php\/wp-json\/wp\/v2\/posts\/30106","targetHints":{"allow":["GET"]}}],"collection":[{"href":"https:\/\/247stiri.ro\/index.php\/wp-json\/wp\/v2\/posts"}],"about":[{"href":"https:\/\/247stiri.ro\/index.php\/wp-json\/wp\/v2\/types\/post"}],"replies":[{"embeddable":true,"href":"https:\/\/247stiri.ro\/index.php\/wp-json\/wp\/v2\/comments?post=30106"}],"version-history":[{"count":0,"href":"https:\/\/247stiri.ro\/index.php\/wp-json\/wp\/v2\/posts\/30106\/revisions"}],"wp:featuredmedia":[{"embeddable":true,"href":"https:\/\/247stiri.ro\/index.php\/wp-json\/wp\/v2\/media\/30100"}],"wp:attachment":[{"href":"https:\/\/247stiri.ro\/index.php\/wp-json\/wp\/v2\/media?parent=30106"}],"wp:term":[{"taxonomy":"category","embeddable":true,"href":"https:\/\/247stiri.ro\/index.php\/wp-json\/wp\/v2\/categories?post=30106"},{"taxonomy":"post_tag","embeddable":true,"href":"https:\/\/247stiri.ro\/index.php\/wp-json\/wp\/v2\/tags?post=30106"}],"curies":[{"name":"wp","href":"https:\/\/api.w.org\/{rel}","templated":true}]}}