{"id":30107,"date":"2025-02-08T09:45:51","date_gmt":"2025-02-08T09:45:51","guid":{"rendered":"https:\/\/247stiri.ro\/index.php\/2025\/02\/08\/calin-georgescu-nu-este-un-candidat-marginal-ceilalti-sunt-verdict-transant-al-analistilor-politici-polonezi\/"},"modified":"2025-02-08T09:45:51","modified_gmt":"2025-02-08T09:45:51","slug":"calin-georgescu-nu-este-un-candidat-marginal-ceilalti-sunt-verdict-transant-al-analistilor-politici-polonezi","status":"publish","type":"post","link":"https:\/\/247stiri.ro\/index.php\/2025\/02\/08\/calin-georgescu-nu-este-un-candidat-marginal-ceilalti-sunt-verdict-transant-al-analistilor-politici-polonezi\/","title":{"rendered":"C\u0103lin Georgescu nu este un candidat MARGINAL, ceilal\u021bi sunt. Verdict tran\u0219ant al anali\u0219tilor politici polonezi"},"content":{"rendered":"<p>Presa polonez\u0103, citat\u0103 de Realitatea Plus, scrie c\u0103 politicienii no\u0219tri au sperat c\u0103 \u201eefectul Georgescu\u201d se va evapora, \u00eens\u0103 calculele lor au fost cu totul gre\u0219ite.<\/p>\n<p>Acum, rom\u00e2nii nu numai c\u0103 \u00eel sus\u021bin \u00een num\u0103r mai mare pe pre\u0219edintele ales, dar popularitatea sa uria\u0219\u0103 ar putea s\u0103-l fac\u0103 s\u0103 c\u00e2\u0219tige \u00eenc\u0103 din primul tur. Mai mult, anali\u0219tii sunt de p\u0103rere c\u0103 ceilal\u021bi candida\u021bi sunt mai slabi dec\u00e2t C\u0103lin Georgescu.<\/p>\n<p>\u00cen cazul \u00een care va exista un singur tur, partidele aflate la putere nici m\u0103car nu vor putea s\u0103-\u0219i ia revan\u0219a, scriu polonezii.<\/p>\n<p>Acum c\u0103 Donald Trump este din nou pre\u0219edinte \u0219i se anun\u021b\u0103 schimb\u0103ri mari pe scena interna\u021bional\u0103, Georgescu nu mai poate fi privit ca pe un candidat marginal. \u201eMarginali sunt cei care \u00eencearc\u0103 s\u0103-l opreasc\u0103\u201d, spun anali\u0219tii.\u00a0<\/p>","protected":false},"excerpt":{"rendered":"<p>Presa polonez\u0103, citat\u0103 de Realitatea Plus, scrie c\u0103 politicienii no\u0219tri au sperat c\u0103 \u201eefectul Georgescu\u201d&hellip;<\/p>\n","protected":false},"author":0,"featured_media":30104,"comment_status":"open","ping_status":"open","sticky":false,"template":"","format":"standard","meta":{"footnotes":""},"categories":[2],"tags":[],"class_list":["post-30107","post","type-post","status-publish","format-standard","has-post-thumbnail","hentry","category-actual"],"_links":{"self":[{"href":"https:\/\/247stiri.ro\/index.php\/wp-json\/wp\/v2\/posts\/30107","targetHints":{"allow":["GET"]}}],"collection":[{"href":"https:\/\/247stiri.ro\/index.php\/wp-json\/wp\/v2\/posts"}],"about":[{"href":"https:\/\/247stiri.ro\/index.php\/wp-json\/wp\/v2\/types\/post"}],"replies":[{"embeddable":true,"href":"https:\/\/247stiri.ro\/index.php\/wp-json\/wp\/v2\/comments?post=30107"}],"version-history":[{"count":0,"href":"https:\/\/247stiri.ro\/index.php\/wp-json\/wp\/v2\/posts\/30107\/revisions"}],"wp:featuredmedia":[{"embeddable":true,"href":"https:\/\/247stiri.ro\/index.php\/wp-json\/wp\/v2\/media\/30104"}],"wp:attachment":[{"href":"https:\/\/247stiri.ro\/index.php\/wp-json\/wp\/v2\/media?parent=30107"}],"wp:term":[{"taxonomy":"category","embeddable":true,"href":"https:\/\/247stiri.ro\/index.php\/wp-json\/wp\/v2\/categories?post=30107"},{"taxonomy":"post_tag","embeddable":true,"href":"https:\/\/247stiri.ro\/index.php\/wp-json\/wp\/v2\/tags?post=30107"}],"curies":[{"name":"wp","href":"https:\/\/api.w.org\/{rel}","templated":true}]}}