{"id":30116,"date":"2025-02-08T10:46:00","date_gmt":"2025-02-08T10:46:00","guid":{"rendered":"https:\/\/247stiri.ro\/index.php\/2025\/02\/08\/a-treia-zi-de-cautari-in-lacul-zetea-din-harghita-in-cazul-tanarului-dat-disparut-video\/"},"modified":"2025-02-08T10:46:00","modified_gmt":"2025-02-08T10:46:00","slug":"a-treia-zi-de-cautari-in-lacul-zetea-din-harghita-in-cazul-tanarului-dat-disparut-video","status":"publish","type":"post","link":"https:\/\/247stiri.ro\/index.php\/2025\/02\/08\/a-treia-zi-de-cautari-in-lacul-zetea-din-harghita-in-cazul-tanarului-dat-disparut-video\/","title":{"rendered":"A treia zi de c\u0103ut\u0103ri \u00een lacul Zetea din Harghita \u00een cazul t\u00e2n\u0103rului dat disp\u0103rut &#8211; VIDEO"},"content":{"rendered":"<p>T\u00e2n\u0103rul a fost dat disp\u0103rut joi, 6 februarie, de c\u0103tre mama sa, din Odorheiu Secuiesc, care a anun\u021bat c\u0103 acesta a plecat de acas\u0103 \u00eenc\u0103 din ziua de 3 februarie \u0219i nu s-a mai \u00eentors.El este c\u0103utat \u00een acea zon\u0103 \u00eentruc\u00e2t se b\u0103nuie\u0219te c\u0103 ar fi intrat \u00een lac, ma\u0219ina sa fiind g\u0103sit\u0103 parcat\u0103 pe marginea apei.Potrivit Biroului de pres\u0103 al Inspectoratului pentru Situa\u021bii de Urgen\u021b\u0103 Harghita, la misiunea de s\u00e2mb\u0103t\u0103 particip\u0103 un echipaj din cadrul Deta\u0219amentului de Pompieri Odorheiu Secuiesc, cu o autospecial\u0103 complex\u0103 de prim\u0103 interven\u021bie \u0219i o barc\u0103, trei pompieri civili din cadrul Serviciului Voluntar pentru Situa\u021bii de Urgen\u021b\u0103 Zetea, cu o autospecial\u0103, \u0219i opt persoane de la Serviciul Salvamont, dintre care un operator dron\u0103 \u0219i un scafandru, scrie Agerpres.Misiunea de c\u0103utare este una dificil\u0103 din cauza condi\u021biilor neprielnice, \u0219i anume temperaturi foarte sc\u0103zute, lacul este \u00eenghe\u021bat, iar vizibilitatea este redus\u0103.<\/p>\n<p>\u00centr-o postare pe Facebook a echipei Salvamont Vl\u0103hi\u021ba, care ac\u021bioneaz\u0103 \u00een zon\u0103, se precizeaz\u0103 c\u0103 \u00een timpul c\u0103ut\u0103rilor au fost utilizate diferite echipamente speciale, inclusiv sonar \u0219i dron\u0103 subacvatic\u0103 sau unit\u0103\u021bi de c\u0103utare cu c\u00e2ini, dar \u00een ciuda eforturilor ample de cercetare nu s-a ob\u021binut \u00eenc\u0103 niciun rezultat.<\/p>","protected":false},"excerpt":{"rendered":"<p>T\u00e2n\u0103rul a fost dat disp\u0103rut joi, 6 februarie, de c\u0103tre mama sa, din Odorheiu Secuiesc,&hellip;<\/p>\n","protected":false},"author":0,"featured_media":30117,"comment_status":"open","ping_status":"open","sticky":false,"template":"","format":"standard","meta":{"footnotes":""},"categories":[2],"tags":[],"class_list":["post-30116","post","type-post","status-publish","format-standard","has-post-thumbnail","hentry","category-actual"],"_links":{"self":[{"href":"https:\/\/247stiri.ro\/index.php\/wp-json\/wp\/v2\/posts\/30116","targetHints":{"allow":["GET"]}}],"collection":[{"href":"https:\/\/247stiri.ro\/index.php\/wp-json\/wp\/v2\/posts"}],"about":[{"href":"https:\/\/247stiri.ro\/index.php\/wp-json\/wp\/v2\/types\/post"}],"replies":[{"embeddable":true,"href":"https:\/\/247stiri.ro\/index.php\/wp-json\/wp\/v2\/comments?post=30116"}],"version-history":[{"count":0,"href":"https:\/\/247stiri.ro\/index.php\/wp-json\/wp\/v2\/posts\/30116\/revisions"}],"wp:featuredmedia":[{"embeddable":true,"href":"https:\/\/247stiri.ro\/index.php\/wp-json\/wp\/v2\/media\/30117"}],"wp:attachment":[{"href":"https:\/\/247stiri.ro\/index.php\/wp-json\/wp\/v2\/media?parent=30116"}],"wp:term":[{"taxonomy":"category","embeddable":true,"href":"https:\/\/247stiri.ro\/index.php\/wp-json\/wp\/v2\/categories?post=30116"},{"taxonomy":"post_tag","embeddable":true,"href":"https:\/\/247stiri.ro\/index.php\/wp-json\/wp\/v2\/tags?post=30116"}],"curies":[{"name":"wp","href":"https:\/\/api.w.org\/{rel}","templated":true}]}}