{"id":30129,"date":"2025-02-08T12:46:08","date_gmt":"2025-02-08T12:46:08","guid":{"rendered":"https:\/\/247stiri.ro\/index.php\/2025\/02\/08\/scandal-si-demisii-in-tabara-rezistilor-din-cauza-lui-lasconi-fosta-primarita-pompier-clotilde-armand-a-luat-foc\/"},"modified":"2025-02-08T12:46:08","modified_gmt":"2025-02-08T12:46:08","slug":"scandal-si-demisii-in-tabara-rezistilor-din-cauza-lui-lasconi-fosta-primarita-pompier-clotilde-armand-a-luat-foc","status":"publish","type":"post","link":"https:\/\/247stiri.ro\/index.php\/2025\/02\/08\/scandal-si-demisii-in-tabara-rezistilor-din-cauza-lui-lasconi-fosta-primarita-pompier-clotilde-armand-a-luat-foc\/","title":{"rendered":"Scandal \u0219i demisii \u00een tab\u0103ra rezi\u0219tilor, din cauza lui Lasconi. Fosta prim\u0103ri\u021b\u0103-pompier Clotilde Armand a luat foc"},"content":{"rendered":"<p>Tab\u0103ra rezi\u0219tilor a s\u0103rit \u00een aer dup\u0103 declara\u021biile Elenei Lasconi despre Nicu\u0219or Dan<\/p>\n<p>\u201eEu nu \u00een\u021beleg calculul pe care l-a f\u0103cut Nicu\u0219or Dan, dac\u0103 are un calcul, \u0219i mirajul acesta al independentului seam\u0103n\u0103 foarte mult cu mirajul altui independent care vrea s\u0103 ne salveze. \u00cenc\u0103 o dat\u0103, nu \u0219tiu la ce anume s-a g\u00e2ndit atunci c\u00e2nd a decis s\u0103 candideze la preziden\u021biale.\u201d<\/p>\n<p>Comentariu a declan\u0219at tsunami \u00een r\u00e2ndul sus\u021bin\u0103trilor \u0219i politicienilor rezist.<\/p>\n\n<p>Un alt atac vehement a venit de la Victor Ilie, fost parlamentar USR, care a anun\u021bat c\u0103 \u00ee\u0219i d\u0103 demisia din partid dac\u0103 Lasconi nu se retrage \u00een favoarea lui Nicu\u0219or Dan.<\/p>\n<p>\u201eDac\u0103 dup\u0103 presta\u021bia asta nu-\u0219i d\u0103 demisia, sau Breaking News-ul nu anun\u021b\u0103 oficial c\u0103 \u00eel sus\u021bine pe Nicu\u0219or Dan, eu \u00eemi dau demisia din USR. N-am putut niciodat\u0103, absolut niciodat\u0103 s\u0103 m\u0103 uit la un interviu sau discurs integral cu Elena Lasconi. Pur \u0219i simplu \u00eemi curge s\u00e2nge din urechi auzind-o. Da, am sus\u021binut-o, \u00een lips\u0103 de ceva mai bun. Acum avem ceva mai bun.\u201d<\/p>\n\n<p>S\u0103pt\u0103m\u00e2na trecut\u0103, Elena Lasconi \u0219i Nicu\u0219or Dan au avut o \u00eent\u00e2lnire \u00een care au discutat despre candidatura la alegerile preziden\u021biale, \u00een condi\u021biile \u00een care \u00een declara\u021bii publice ambii lideri \u0219i-au cerut reciproc s\u0103 se retrag\u0103 din curs\u0103.<\/p>\n<p>\u0218i fosta prim\u0103ri\u021ba rezist de la sectorul 1, Clotilde Armand, a s\u0103rit la g\u00e2tul Elenei Lasconi, de\u0219i \u00een toamn\u0103 a ie\u0219it \u00een strad\u0103 s\u0103 str\u00e2ng\u0103 semn\u0103turi pentru candidatura acesteia la pre\u0219edin\u021bie, dar \u0219i a propriei candidaturi la Senat, invalidat\u0103 ulterior.<\/p>\n<p>A\u0219 vrea s\u0103 \u00eei prezint scuze lui Nicu\u0219or Dan \u00een numele colegilor mei care nu \u00eemp\u0103rt\u0103\u0219esc deloc viziunea doamnei Lasconi. Pozi\u021bia dumneaei nu este pozi\u021bia oficial\u0103 a USR \u0219i sunt doar opiniile acesteia. PS: las aici pentru cei care nu \u0219tiu diferen\u021bele semnificative dintre Nicu\u0219or\u2026<\/p>\n<p>\u2014 Clotilde Armand (@clotilde_armand) <a href=\"https:\/\/twitter.com\/clotilde_armand\/status\/1888133545362903373?ref_src=twsrc%5Etfw\">February 8, 2025<\/a><\/p>\n<p>\u00a0<\/p>","protected":false},"excerpt":{"rendered":"<p>Tab\u0103ra rezi\u0219tilor a s\u0103rit \u00een aer dup\u0103 declara\u021biile Elenei Lasconi despre Nicu\u0219or Dan \u201eEu nu&hellip;<\/p>\n","protected":false},"author":0,"featured_media":30124,"comment_status":"open","ping_status":"open","sticky":false,"template":"","format":"standard","meta":{"footnotes":""},"categories":[2],"tags":[],"class_list":["post-30129","post","type-post","status-publish","format-standard","has-post-thumbnail","hentry","category-actual"],"_links":{"self":[{"href":"https:\/\/247stiri.ro\/index.php\/wp-json\/wp\/v2\/posts\/30129","targetHints":{"allow":["GET"]}}],"collection":[{"href":"https:\/\/247stiri.ro\/index.php\/wp-json\/wp\/v2\/posts"}],"about":[{"href":"https:\/\/247stiri.ro\/index.php\/wp-json\/wp\/v2\/types\/post"}],"replies":[{"embeddable":true,"href":"https:\/\/247stiri.ro\/index.php\/wp-json\/wp\/v2\/comments?post=30129"}],"version-history":[{"count":0,"href":"https:\/\/247stiri.ro\/index.php\/wp-json\/wp\/v2\/posts\/30129\/revisions"}],"wp:featuredmedia":[{"embeddable":true,"href":"https:\/\/247stiri.ro\/index.php\/wp-json\/wp\/v2\/media\/30124"}],"wp:attachment":[{"href":"https:\/\/247stiri.ro\/index.php\/wp-json\/wp\/v2\/media?parent=30129"}],"wp:term":[{"taxonomy":"category","embeddable":true,"href":"https:\/\/247stiri.ro\/index.php\/wp-json\/wp\/v2\/categories?post=30129"},{"taxonomy":"post_tag","embeddable":true,"href":"https:\/\/247stiri.ro\/index.php\/wp-json\/wp\/v2\/tags?post=30129"}],"curies":[{"name":"wp","href":"https:\/\/api.w.org\/{rel}","templated":true}]}}