{"id":30132,"date":"2025-02-08T13:53:07","date_gmt":"2025-02-08T13:53:07","guid":{"rendered":"https:\/\/247stiri.ro\/index.php\/2025\/02\/08\/cum-a-reactionat-nicusor-dan-dupa-ce-elena-lasconi-l-a-comparat-cu-calin-georgescu\/"},"modified":"2025-02-08T13:53:07","modified_gmt":"2025-02-08T13:53:07","slug":"cum-a-reactionat-nicusor-dan-dupa-ce-elena-lasconi-l-a-comparat-cu-calin-georgescu","status":"publish","type":"post","link":"https:\/\/247stiri.ro\/index.php\/2025\/02\/08\/cum-a-reactionat-nicusor-dan-dupa-ce-elena-lasconi-l-a-comparat-cu-calin-georgescu\/","title":{"rendered":"Cum a reac\u021bionat Nicu\u0219or Dan dup\u0103 ce Elena Lasconi l-a comparat cu C\u0103lin Georgescu?"},"content":{"rendered":"<p>\u201eCred c\u0103 Rom\u00e2nia trece printr-o situa\u021bie complicat\u0103, de criz\u0103. Acum dou\u0103 luni Rom\u00e2nia a fost foarte aproape de dezastru \u0219i cred c\u0103 noi, clasa politic\u0103, trebuie s\u0103 ne p\u0103str\u0103m la \u00een\u0103l\u021bimea acestei situa\u021bii extraordinare pe care Rom\u00e2nia o trece. \u0102sta este comentariul pe care am s\u0103 \u00eel fac\u201d, a declarat Nicu\u0219or Dan, \u00eentr-o conferin\u021b\u0103 de pres\u0103.<\/p>\n<p>\u00centrebat despre rela\u021bia lui cu Elena Lasconi, Nicu\u0219or Dan a r\u0103spuns c\u0103 \u201enu s-a schimbat nimic\u201d.<\/p>\n<p>\u201eElena a f\u0103cut o campanie curajoas\u0103, partidul nu a avut un rezultat foarte bun \u00een alegerile europarlamentare. E o persoan\u0103 onest\u0103, e un primar bun\u201d, a spus edilul general.<\/p>\n<p>\u00centrebat dac\u0103 se a\u015ftepta la un asemenea atac din partea Elenei Lasconi, Dan a c\u0103 nu vrea s\u0103 intre &#8222;\u00eentr-o polemic\u0103\u201d.<\/p>\n<p>\u201eAcest partid m-a sus\u021binut de dou\u0103 ori pentru Prim\u0103ria Capitalei, am avut o rela\u021bie foarte bun\u0103 cu consilierii generali \u0219i sper s\u0103 o am \u0219i \u00een mandatul care urmeaz\u0103\u201d, a spus Nicu\u0219or Dan.<a href=\"https:\/\/www.realitatea.net\/stiri\/actual\/scandal-si-demisii-in-tabara-rezistilor-din-cauza-lui-lasconi-fosta-primaritapompier-clotilde-a-luat-foc_67a74897b0f5f542f56fcc82#google_vignette\" target=\"_blank\">Scandal \u0219i demisii \u00een tab\u0103ra rezi\u0219tilor, din cauza lui Lasconi. Fosta prim\u0103ri\u021b\u0103-pompier Clotilde Armand a luat foc<\/a><\/p>","protected":false},"excerpt":{"rendered":"<p>\u201eCred c\u0103 Rom\u00e2nia trece printr-o situa\u021bie complicat\u0103, de criz\u0103. Acum dou\u0103 luni Rom\u00e2nia a fost&hellip;<\/p>\n","protected":false},"author":0,"featured_media":30133,"comment_status":"open","ping_status":"open","sticky":false,"template":"","format":"standard","meta":{"footnotes":""},"categories":[2],"tags":[],"class_list":["post-30132","post","type-post","status-publish","format-standard","has-post-thumbnail","hentry","category-actual"],"_links":{"self":[{"href":"https:\/\/247stiri.ro\/index.php\/wp-json\/wp\/v2\/posts\/30132","targetHints":{"allow":["GET"]}}],"collection":[{"href":"https:\/\/247stiri.ro\/index.php\/wp-json\/wp\/v2\/posts"}],"about":[{"href":"https:\/\/247stiri.ro\/index.php\/wp-json\/wp\/v2\/types\/post"}],"replies":[{"embeddable":true,"href":"https:\/\/247stiri.ro\/index.php\/wp-json\/wp\/v2\/comments?post=30132"}],"version-history":[{"count":0,"href":"https:\/\/247stiri.ro\/index.php\/wp-json\/wp\/v2\/posts\/30132\/revisions"}],"wp:featuredmedia":[{"embeddable":true,"href":"https:\/\/247stiri.ro\/index.php\/wp-json\/wp\/v2\/media\/30133"}],"wp:attachment":[{"href":"https:\/\/247stiri.ro\/index.php\/wp-json\/wp\/v2\/media?parent=30132"}],"wp:term":[{"taxonomy":"category","embeddable":true,"href":"https:\/\/247stiri.ro\/index.php\/wp-json\/wp\/v2\/categories?post=30132"},{"taxonomy":"post_tag","embeddable":true,"href":"https:\/\/247stiri.ro\/index.php\/wp-json\/wp\/v2\/tags?post=30132"}],"curies":[{"name":"wp","href":"https:\/\/api.w.org\/{rel}","templated":true}]}}