{"id":30149,"date":"2025-02-08T14:47:37","date_gmt":"2025-02-08T14:47:37","guid":{"rendered":"https:\/\/247stiri.ro\/index.php\/2025\/02\/08\/adrian-severin-despre-victoria-presedintelui-ales-calin-georgescu-si-decizia-ccr-cred-ca-vom-reveni-la-turul-2\/"},"modified":"2025-02-08T14:47:37","modified_gmt":"2025-02-08T14:47:37","slug":"adrian-severin-despre-victoria-presedintelui-ales-calin-georgescu-si-decizia-ccr-cred-ca-vom-reveni-la-turul-2","status":"publish","type":"post","link":"https:\/\/247stiri.ro\/index.php\/2025\/02\/08\/adrian-severin-despre-victoria-presedintelui-ales-calin-georgescu-si-decizia-ccr-cred-ca-vom-reveni-la-turul-2\/","title":{"rendered":"Adrian Severin, despre victoria pre\u0219edintelui ales C\u0103lin Georgescu \u0219i decizia CCR: \u201eCred c\u0103 vom reveni la turul 2\u201d"},"content":{"rendered":"<p>Fostul ministru a declarat \u00een exclusivitate la realitatea PLUS, citez, c\u0103 CEDO ar trebui s\u0103 se pronun\u021be \u00eens\u0103 este profund politizat.\u00a0<\/p>","protected":false},"excerpt":{"rendered":"<p>Fostul ministru a declarat \u00een exclusivitate la realitatea PLUS, citez, c\u0103 CEDO ar trebui s\u0103&hellip;<\/p>\n","protected":false},"author":0,"featured_media":30141,"comment_status":"open","ping_status":"open","sticky":false,"template":"","format":"standard","meta":{"footnotes":""},"categories":[2],"tags":[],"class_list":["post-30149","post","type-post","status-publish","format-standard","has-post-thumbnail","hentry","category-actual"],"_links":{"self":[{"href":"https:\/\/247stiri.ro\/index.php\/wp-json\/wp\/v2\/posts\/30149","targetHints":{"allow":["GET"]}}],"collection":[{"href":"https:\/\/247stiri.ro\/index.php\/wp-json\/wp\/v2\/posts"}],"about":[{"href":"https:\/\/247stiri.ro\/index.php\/wp-json\/wp\/v2\/types\/post"}],"replies":[{"embeddable":true,"href":"https:\/\/247stiri.ro\/index.php\/wp-json\/wp\/v2\/comments?post=30149"}],"version-history":[{"count":0,"href":"https:\/\/247stiri.ro\/index.php\/wp-json\/wp\/v2\/posts\/30149\/revisions"}],"wp:featuredmedia":[{"embeddable":true,"href":"https:\/\/247stiri.ro\/index.php\/wp-json\/wp\/v2\/media\/30141"}],"wp:attachment":[{"href":"https:\/\/247stiri.ro\/index.php\/wp-json\/wp\/v2\/media?parent=30149"}],"wp:term":[{"taxonomy":"category","embeddable":true,"href":"https:\/\/247stiri.ro\/index.php\/wp-json\/wp\/v2\/categories?post=30149"},{"taxonomy":"post_tag","embeddable":true,"href":"https:\/\/247stiri.ro\/index.php\/wp-json\/wp\/v2\/tags?post=30149"}],"curies":[{"name":"wp","href":"https:\/\/api.w.org\/{rel}","templated":true}]}}