{"id":30150,"date":"2025-02-08T14:47:37","date_gmt":"2025-02-08T14:47:37","guid":{"rendered":"https:\/\/247stiri.ro\/index.php\/2025\/02\/08\/ingrid-mocanu-avocata-presedintelui-ales-calin-georgescu-romania-e-in-pragul-dictaturii\/"},"modified":"2025-02-08T14:47:37","modified_gmt":"2025-02-08T14:47:37","slug":"ingrid-mocanu-avocata-presedintelui-ales-calin-georgescu-romania-e-in-pragul-dictaturii","status":"publish","type":"post","link":"https:\/\/247stiri.ro\/index.php\/2025\/02\/08\/ingrid-mocanu-avocata-presedintelui-ales-calin-georgescu-romania-e-in-pragul-dictaturii\/","title":{"rendered":"Ingrid Mocanu, avocata pre\u0219edintelui ales, C\u0103lin Georgescu: \u201eRom\u00e2nia e \u00een pragul dictaturii\u201d"},"content":{"rendered":"<p>Avocata a explicat \u00een exclusivitate pentru Realitatea Plus despre ce va face Comisia de la Vene\u021bia la noi \u00een \u021bar\u0103 \u0219i ce \u00eengrijor\u0103ri au constatat membrii institu\u021biei europene.<\/p>\n<p>\u201eCCR e aia care este plin\u0103 de indivizi f\u0103r\u0103 preg\u0103tire \u00een ea, a gre\u0219it dar acum nu se mai poate remedia. A spus \u0219i comisia, a spus \u0219i instan\u021ba. E gre\u0219it dar nu avem ce s\u0103 facem. Comisia de la Vene\u021bia a zis c\u0103 \u0219i instan\u021ba a gre\u0219it pentru c\u0103 si instan\u021ba trebuia s\u0103 ia \u00een calcul pe fond cererea noastr\u0103 \u0219i s\u0103 o analizeze pentru c\u0103 trebuie s\u0103 ai dreptul la un proces echitabil \u00een momentul \u00een care \u021bi se aduc ni\u0219te acuza\u021bii. Deja a \u00eenceput s\u0103 fac\u0103 trimiterile acelea, se va \u00eent\u00e2lni, va discuta \u0219i cu lideri din opozi\u021bie. Vor audia mai multe persoane, nu \u00een cadrul unei anchete ci \u00een cadrul unei pl\u00e2ngeri de info pentru a face un raport mai detaliat fat\u0103 de cel ini\u021bial \u00een prealabil. \u0218i la Curtea Penal\u0103 Interna\u021bional\u0103 (CPI) s-a f\u0103cut o cerere, nu se pot spune foarte multe, acolo este o anchet\u0103 vast\u0103, teoretic ar trebui s\u0103 se deruleze, are \u0219i regim penal, deci nu ar trebui s\u0103 se dea niciun fel de informa\u021bie nici cu privire la audieri nici procedurile pe care le deruleaz\u0103 pentru c\u0103 procedura este asimilat\u0103 uneia penale acolo. A fost sesizat\u0103 \u0219i CPI, s-au depus probele prev\u0103zute de lege, le afl\u0103, cererea este depus\u0103 \u00een cadrul tratatului \u00een care se afl\u0103 CPI. Totu\u0219i, s\u0103 nu uit\u0103m c\u0103 doamna Mo\u021boc este judec\u0103torul Rom\u00e2niei acolo, adic\u0103 tot #rezist&#8230;&#8230;pe linia aceasta soro\u0219ist\u0103\u201d, a declarat Ingrid Mocanu.<\/p>\n<p>\u00a0<\/p>","protected":false},"excerpt":{"rendered":"<p>Avocata a explicat \u00een exclusivitate pentru Realitatea Plus despre ce va face Comisia de la&hellip;<\/p>\n","protected":false},"author":0,"featured_media":30143,"comment_status":"open","ping_status":"open","sticky":false,"template":"","format":"standard","meta":{"footnotes":""},"categories":[2],"tags":[],"class_list":["post-30150","post","type-post","status-publish","format-standard","has-post-thumbnail","hentry","category-actual"],"_links":{"self":[{"href":"https:\/\/247stiri.ro\/index.php\/wp-json\/wp\/v2\/posts\/30150","targetHints":{"allow":["GET"]}}],"collection":[{"href":"https:\/\/247stiri.ro\/index.php\/wp-json\/wp\/v2\/posts"}],"about":[{"href":"https:\/\/247stiri.ro\/index.php\/wp-json\/wp\/v2\/types\/post"}],"replies":[{"embeddable":true,"href":"https:\/\/247stiri.ro\/index.php\/wp-json\/wp\/v2\/comments?post=30150"}],"version-history":[{"count":0,"href":"https:\/\/247stiri.ro\/index.php\/wp-json\/wp\/v2\/posts\/30150\/revisions"}],"wp:featuredmedia":[{"embeddable":true,"href":"https:\/\/247stiri.ro\/index.php\/wp-json\/wp\/v2\/media\/30143"}],"wp:attachment":[{"href":"https:\/\/247stiri.ro\/index.php\/wp-json\/wp\/v2\/media?parent=30150"}],"wp:term":[{"taxonomy":"category","embeddable":true,"href":"https:\/\/247stiri.ro\/index.php\/wp-json\/wp\/v2\/categories?post=30150"},{"taxonomy":"post_tag","embeddable":true,"href":"https:\/\/247stiri.ro\/index.php\/wp-json\/wp\/v2\/tags?post=30150"}],"curies":[{"name":"wp","href":"https:\/\/api.w.org\/{rel}","templated":true}]}}