{"id":30155,"date":"2025-02-08T15:45:52","date_gmt":"2025-02-08T15:45:52","guid":{"rendered":"https:\/\/247stiri.ro\/index.php\/2025\/02\/08\/ion-cristoiu-transeaza-razboiul-intern-dintre-rezisti-se-cauta-un-pretext-nu-stiu-cum-se-va-sfarsi-complotul-video\/"},"modified":"2025-02-08T15:45:52","modified_gmt":"2025-02-08T15:45:52","slug":"ion-cristoiu-transeaza-razboiul-intern-dintre-rezisti-se-cauta-un-pretext-nu-stiu-cum-se-va-sfarsi-complotul-video","status":"publish","type":"post","link":"https:\/\/247stiri.ro\/index.php\/2025\/02\/08\/ion-cristoiu-transeaza-razboiul-intern-dintre-rezisti-se-cauta-un-pretext-nu-stiu-cum-se-va-sfarsi-complotul-video\/","title":{"rendered":"Ion Cristoiu tran\u0219eaz\u0103 r\u0103zboiul intern dintre rezi\u0219ti: \u201eSe caut\u0103 un pretext. Nu \u0219tiu cum se va sf\u00e2r\u0219i complotul\u201d VIDEO"},"content":{"rendered":"<p>\u201eCa s\u0103 fim corec\u021bi, Nicu\u0219or Dan o concureaz\u0103 pentru c\u0103 Elena Lasconi a intrat in turul 2. Unul din cei doi trebuie s\u0103 plece, dup\u0103 p\u0103rerea mea, dac\u0103 e vorba de un intrus, e vorba de Nicu\u0219or Dan, pentru ca ea deja a candidat \u0219i a ob\u021binut un succes uria\u0219. Nicu\u0219or Dan nu \u0219tiu dac\u0103 \u00eel va ob\u021bine. Poate da, poate nu. Imediat, latura, cum s\u0103 zic, sorosist\u0103, c\u0103 este o grupare sorosist\u0103 puternic\u0103 \u00een USR, a s\u0103rit \u00een sus \u0219i a spus, \u201ecum, vai ce blasfemie, l-a comparat pe Nicu\u0219or Dan cu C\u0103lin Georgescu. Si eterna Clotilde Armand care acum noi ne-am dat seama c\u0103 nu a plecat din \u021b\u0103r\u0103, noi am crezut c\u0103 s-a \u00eentors \u00een Fran\u021ba, s\u0103 fac\u0103 buc\u0103t\u0103rie acolo cum a f\u0103cut \u0219i \u00eenainte. Bref. De fapt totul este un complot \u00eempotriva Elenei Lasconi pentru c\u0103 o mare parte dintre USR-i\u0219ti vor ca s\u0103 fie \u0219i candidatul USR Nicu\u0219or Dan&#8230;\u0219i, \u00een aceste condi\u021bii, se cauta un pretext nu \u0219tiu cum se va sf\u00e2r\u0219i deja complotul s-a pus in mi\u0219care pentru debarcarea Elenei Lasconi din fruntea USR\u201d, a spus jurnalistul.<\/p>\n<p>\u00a0<\/p>\n<p><a title=\"@ioncristoiu\" href=\"https:\/\/www.tiktok.com\/@ioncristoiu?refer=embed\" target=\"_blank\">@ioncristoiu<\/a> <a title=\"cezicecristoiu\" href=\"https:\/\/www.tiktok.com\/tag\/cezicecristoiu?refer=embed\" target=\"_blank\">#cezicecristoiu<\/a> <a title=\"stiricomentate\" href=\"https:\/\/www.tiktok.com\/tag\/stiricomentate?refer=embed\" target=\"_blank\">#stiricomentate<\/a> <a title=\"nicusordan\" href=\"https:\/\/www.tiktok.com\/tag\/nicusordan?refer=embed\" target=\"_blank\">#nicusordan<\/a> <a title=\"elenalasconi\" href=\"https:\/\/www.tiktok.com\/tag\/elenalasconi?refer=embed\" target=\"_blank\">#elenalasconi<\/a> <a title=\"\u266c sunet original - ioncristoiu\" href=\"https:\/\/www.tiktok.com\/music\/sunet-original-7468981328218704662?refer=embed\" target=\"_blank\">\u266c sunet original &#8211; ioncristoiu<\/a><\/p>","protected":false},"excerpt":{"rendered":"<p>\u201eCa s\u0103 fim corec\u021bi, Nicu\u0219or Dan o concureaz\u0103 pentru c\u0103 Elena Lasconi a intrat in&hellip;<\/p>\n","protected":false},"author":0,"featured_media":30152,"comment_status":"open","ping_status":"open","sticky":false,"template":"","format":"standard","meta":{"footnotes":""},"categories":[2],"tags":[],"class_list":["post-30155","post","type-post","status-publish","format-standard","has-post-thumbnail","hentry","category-actual"],"_links":{"self":[{"href":"https:\/\/247stiri.ro\/index.php\/wp-json\/wp\/v2\/posts\/30155","targetHints":{"allow":["GET"]}}],"collection":[{"href":"https:\/\/247stiri.ro\/index.php\/wp-json\/wp\/v2\/posts"}],"about":[{"href":"https:\/\/247stiri.ro\/index.php\/wp-json\/wp\/v2\/types\/post"}],"replies":[{"embeddable":true,"href":"https:\/\/247stiri.ro\/index.php\/wp-json\/wp\/v2\/comments?post=30155"}],"version-history":[{"count":0,"href":"https:\/\/247stiri.ro\/index.php\/wp-json\/wp\/v2\/posts\/30155\/revisions"}],"wp:featuredmedia":[{"embeddable":true,"href":"https:\/\/247stiri.ro\/index.php\/wp-json\/wp\/v2\/media\/30152"}],"wp:attachment":[{"href":"https:\/\/247stiri.ro\/index.php\/wp-json\/wp\/v2\/media?parent=30155"}],"wp:term":[{"taxonomy":"category","embeddable":true,"href":"https:\/\/247stiri.ro\/index.php\/wp-json\/wp\/v2\/categories?post=30155"},{"taxonomy":"post_tag","embeddable":true,"href":"https:\/\/247stiri.ro\/index.php\/wp-json\/wp\/v2\/tags?post=30155"}],"curies":[{"name":"wp","href":"https:\/\/api.w.org\/{rel}","templated":true}]}}