{"id":30167,"date":"2025-02-08T17:45:58","date_gmt":"2025-02-08T17:45:58","guid":{"rendered":"https:\/\/247stiri.ro\/index.php\/2025\/02\/08\/bomba-pe-scena-politica-unul-dintre-liderii-coalitiei-ii-cere-demisia-lui-klaus-iohannis\/"},"modified":"2025-02-08T17:45:58","modified_gmt":"2025-02-08T17:45:58","slug":"bomba-pe-scena-politica-unul-dintre-liderii-coalitiei-ii-cere-demisia-lui-klaus-iohannis","status":"publish","type":"post","link":"https:\/\/247stiri.ro\/index.php\/2025\/02\/08\/bomba-pe-scena-politica-unul-dintre-liderii-coalitiei-ii-cere-demisia-lui-klaus-iohannis\/","title":{"rendered":"Bomb\u0103 pe scena politic\u0103. Unul dintre liderii Coali\u021biei \u00eei cere demisia lui Klaus Iohannis"},"content":{"rendered":"<p>De altfel, liderul maghiar considera plecarea lui Iohannis de la Cotroceni \u201dideal\u0103\u201d pentru continuarea parteneriatului politic cu PNL \u0219i PSD.<\/p>\n<p>Conform procedurii, dac\u0103 pre\u0219edintele ilegitim pleac\u0103 din v\u00e2rful statului, acesta va fi \u00eenlocuit de Ilie Bolojan, care acum conduce Senatul Rom\u00e2niei. Un lucru agreat de Kelemen Hunor \u0219i de ceilal\u021bi parteneri de Coali\u021bie.<\/p>\n<p><a href=\"https:\/\/www.realitatea.net\/stiri\/actual\/sedinta-cruciala-pentru-debarcarea-faraonului-ilegitim-cum-poate-fi-gonit-iohannis-de-la-cotroceni_67a702c6c7b5f71f2c4cd1e3\" target=\"_blank\">\u0218edin\u021b\u0103 crucial\u0103 pentru debarcarea faraonului ilegitim. Cum poate fi gonit Iohannis de la Cotroceni?<\/a><\/p>\n<p>Se apropie debarcarea faraonului de la Cotroceni! Potrivit unor surse, liderii coali\u021biei de guvernare urmeaz\u0103 s\u0103 aib\u0103, luni, o \u0219edin\u021b\u0103 \u00een care s\u0103 discute despre suspendarea pre\u0219edintelui Klaus Iohannis. Totul \u00een condi\u021biile \u00een care, tot luni, parlamentarii trebuie s\u0103 decid\u0103 dac\u0103 aprob\u0103 propunerea de suspendare venit\u0103 din partea opozi\u021biei.\u00a0<\/p>\n<p>Potrivit unor surse, liderii Coali\u021biei urmeaz\u0103 s\u0103 aib\u0103 luni o \u0219edin\u021b\u0103 \u00een care s\u0103 discute despre suspendarea pre\u0219edintelui Klaus Iohannis, potrivit Realitatea Plus.<\/p>\n<p>Totul \u00een condi\u021biile \u00een care, tot luni, parlamentarii trebuie s\u0103 decid\u0103 dac\u0103 s\u0103 trimit\u0103 propunerea de suspendare venit\u0103 din partea opozi\u021biei la Curtea Constitu\u021bional\u0103 \u0219i mai apoi la votul din plen.<\/p>\n<p>Discu\u021bia vine \u00een contextul \u00een care inclusiv liderii Coali\u021biei i-au cerut lui Klaus Iohannis s\u0103 plece din func\u021bie, iar surse politice spun c\u0103 nu ar exista niciun motiv pentru respingerea propunerii venite din opozi\u021bie \u00een \u0219edin\u021ba de luni.<\/p>","protected":false},"excerpt":{"rendered":"<p>De altfel, liderul maghiar considera plecarea lui Iohannis de la Cotroceni \u201dideal\u0103\u201d pentru continuarea parteneriatului&hellip;<\/p>\n","protected":false},"author":0,"featured_media":30164,"comment_status":"open","ping_status":"open","sticky":false,"template":"","format":"standard","meta":{"footnotes":""},"categories":[2],"tags":[],"class_list":["post-30167","post","type-post","status-publish","format-standard","has-post-thumbnail","hentry","category-actual"],"_links":{"self":[{"href":"https:\/\/247stiri.ro\/index.php\/wp-json\/wp\/v2\/posts\/30167","targetHints":{"allow":["GET"]}}],"collection":[{"href":"https:\/\/247stiri.ro\/index.php\/wp-json\/wp\/v2\/posts"}],"about":[{"href":"https:\/\/247stiri.ro\/index.php\/wp-json\/wp\/v2\/types\/post"}],"replies":[{"embeddable":true,"href":"https:\/\/247stiri.ro\/index.php\/wp-json\/wp\/v2\/comments?post=30167"}],"version-history":[{"count":0,"href":"https:\/\/247stiri.ro\/index.php\/wp-json\/wp\/v2\/posts\/30167\/revisions"}],"wp:featuredmedia":[{"embeddable":true,"href":"https:\/\/247stiri.ro\/index.php\/wp-json\/wp\/v2\/media\/30164"}],"wp:attachment":[{"href":"https:\/\/247stiri.ro\/index.php\/wp-json\/wp\/v2\/media?parent=30167"}],"wp:term":[{"taxonomy":"category","embeddable":true,"href":"https:\/\/247stiri.ro\/index.php\/wp-json\/wp\/v2\/categories?post=30167"},{"taxonomy":"post_tag","embeddable":true,"href":"https:\/\/247stiri.ro\/index.php\/wp-json\/wp\/v2\/tags?post=30167"}],"curies":[{"name":"wp","href":"https:\/\/api.w.org\/{rel}","templated":true}]}}