{"id":30168,"date":"2025-02-08T17:45:58","date_gmt":"2025-02-08T17:45:58","guid":{"rendered":"https:\/\/247stiri.ro\/index.php\/2025\/02\/08\/bataie-intre-clanurile-interlope-in-centrul-orasului-urziceni-doi-oameni-au-murit-trei-sunt-grav-raniti-de-la-ce-a-pornit-totul\/"},"modified":"2025-02-08T17:45:58","modified_gmt":"2025-02-08T17:45:58","slug":"bataie-intre-clanurile-interlope-in-centrul-orasului-urziceni-doi-oameni-au-murit-trei-sunt-grav-raniti-de-la-ce-a-pornit-totul","status":"publish","type":"post","link":"https:\/\/247stiri.ro\/index.php\/2025\/02\/08\/bataie-intre-clanurile-interlope-in-centrul-orasului-urziceni-doi-oameni-au-murit-trei-sunt-grav-raniti-de-la-ce-a-pornit-totul\/","title":{"rendered":"B\u0103taie \u00eentre clanurile interlope, \u00een centrul ora\u0219ului Urziceni. Doi oameni au murit, trei sunt grav r\u0103ni\u021bi. De la ce a pornit totul?"},"content":{"rendered":"<p>Potrivit Inspectoratului de Poli\u0163ie Jude\u0163ean Ialomi\u0163a, \u00een eveniment au fost implicate peste 25 de persoane, cinci dintre ele ajung\u00e2nd la spitale din Urziceni \u015fi Bucure\u015fti pentru \u00eengrijiri medicale, potrivit Agerpres.<\/p>\n<p>&#8222;La fa\u0163a locului au fost trimise mai multe echipe operative de ordine public\u0103, rutier\u0103 \u015fi investiga\u0163ii criminale, conflictul fiind aplanat \u00een cel mai scurt timp. Au fost implicate peste 25 de persoane, dintre care cinci au ajuns la unit\u0103\u0163i medicale din municipiile Urziceni \u015fi Bucure\u015fti pentru \u00eengrijiri medicale. Dou\u0103 persoane dintre cele\u00a0ajunse la spital au decedat&#8221;, arat\u0103 IPJ Ialomi\u021ba.<\/p>\n<p>Din primele informa\u021bii, cele dou\u0103 persoane care au murit au fost \u00eempu\u0219cate. \u00cen scandal au fost implicate o familie din Prahova \u0219i una din Urziceni, cearta pornind, se pare, de la o fat\u0103, lucrurile degener\u00e2nd, fiind folosite arme de foc \u0219i cu\u021bite.<\/p>\n<p>Poli\u0163i\u015ftii efectueaz\u0103 cercet\u0103ri \u00een vederea identific\u0103rii tuturor\u00a0persoanelor implicate \u015fi stabilirii situa\u0163iei de fapt.<\/p>","protected":false},"excerpt":{"rendered":"<p>Potrivit Inspectoratului de Poli\u0163ie Jude\u0163ean Ialomi\u0163a, \u00een eveniment au fost implicate peste 25 de persoane,&hellip;<\/p>\n","protected":false},"author":0,"featured_media":30169,"comment_status":"open","ping_status":"open","sticky":false,"template":"","format":"standard","meta":{"footnotes":""},"categories":[2],"tags":[],"class_list":["post-30168","post","type-post","status-publish","format-standard","has-post-thumbnail","hentry","category-actual"],"_links":{"self":[{"href":"https:\/\/247stiri.ro\/index.php\/wp-json\/wp\/v2\/posts\/30168","targetHints":{"allow":["GET"]}}],"collection":[{"href":"https:\/\/247stiri.ro\/index.php\/wp-json\/wp\/v2\/posts"}],"about":[{"href":"https:\/\/247stiri.ro\/index.php\/wp-json\/wp\/v2\/types\/post"}],"replies":[{"embeddable":true,"href":"https:\/\/247stiri.ro\/index.php\/wp-json\/wp\/v2\/comments?post=30168"}],"version-history":[{"count":0,"href":"https:\/\/247stiri.ro\/index.php\/wp-json\/wp\/v2\/posts\/30168\/revisions"}],"wp:featuredmedia":[{"embeddable":true,"href":"https:\/\/247stiri.ro\/index.php\/wp-json\/wp\/v2\/media\/30169"}],"wp:attachment":[{"href":"https:\/\/247stiri.ro\/index.php\/wp-json\/wp\/v2\/media?parent=30168"}],"wp:term":[{"taxonomy":"category","embeddable":true,"href":"https:\/\/247stiri.ro\/index.php\/wp-json\/wp\/v2\/categories?post=30168"},{"taxonomy":"post_tag","embeddable":true,"href":"https:\/\/247stiri.ro\/index.php\/wp-json\/wp\/v2\/tags?post=30168"}],"curies":[{"name":"wp","href":"https:\/\/api.w.org\/{rel}","templated":true}]}}