{"id":30172,"date":"2025-02-08T17:46:00","date_gmt":"2025-02-08T17:46:00","guid":{"rendered":"https:\/\/247stiri.ro\/index.php\/2025\/02\/08\/make-europe-great-again-valul-trumpist-din-ue-era-elitelor-de-la-bruxelles-s-a-incheiat-video\/"},"modified":"2025-02-08T17:46:00","modified_gmt":"2025-02-08T17:46:00","slug":"make-europe-great-again-valul-trumpist-din-ue-era-elitelor-de-la-bruxelles-s-a-incheiat-video","status":"publish","type":"post","link":"https:\/\/247stiri.ro\/index.php\/2025\/02\/08\/make-europe-great-again-valul-trumpist-din-ue-era-elitelor-de-la-bruxelles-s-a-incheiat-video\/","title":{"rendered":"\u201eMake Europe Great Again\u201d, valul trumpist din UE. \u201eEra elitelor de la Bruxelles s-a \u00eencheiat\u201d VIDEO"},"content":{"rendered":"<p>Numero\u015fi lideri europeni de extrem\u0103 dreapta, \u00een frunte cu Viktor Orban \u015fi Marine Le Pen, au participat s\u00e2mb\u0103t\u0103, 8 februarie, la o reuniune la Madrid pentru a pleda pentru o \u201e\u00eentoarcere cu 180 de grade\u201d a Uniunii Europene, care s\u0103 rezoneze cu valul trumpist de la Washington.<\/p>\n<p>\u201eMake Europe Great Again\u201d &#8211; sub acest slogan, inspirat de \u201eMake America Great Again\u201d al pre\u015fedintelui american Donald Trump, liderii grupului europarlamentar \u201ePatrio\u0163ii pentru Europa\u201d s-au reunit s\u00e2mb\u0103t\u0103 diminea\u0163\u0103 la un hotel din apropierea aeroportului din Madrid.<\/p>\n<p>Vineri seara, liderii Patrio\u0163ilor pentru Europa au avut un dineu cu Kevin Roberts, pre\u015fedintele think-tank-ului american ultraconservator The Heritage Foundation.<\/p>\n\n<p>Potrivit partidului spaniol Vox, care organizeaz\u0103 reuniunea, aproximativ 2.000 de persoane particip\u0103 la evenimentul de la Madrid, unde urmau s\u0103 ia cuv\u00e2ntul premierul ungar \u015fi liderul Rassemblement National (RN) din Fran\u0163a, precum \u015fi vicepremierul italian Matteo Salvini (liderul La Lega), fostul premier ceh Andrej Babis (ANO) \u015fi Geert Wilders, supranumit uneori \u201eTrump olandez\u201d, al c\u0103rui Partid pentru Libertate a ie\u015fit \u00een frunte la alegerile legislative din noiembrie anul trecut.<\/p>\n<p>Alte forma\u0163iuni ultraconservatoare din Europa, cum ar fi AfD-ul din Germania \u015fi Fra\u0163ii italieni, forma\u0163iunea premierului Giorgia Meloni &#8211; singurul lider european prezent la ceremonia de \u00eenvestire a pre\u015fedintelui american &#8211; nu sunt \u00eens\u0103 prezente, deoarece apar\u0163in altor grupuri parlamentare europene.<\/p>\n<p>\u201eEra elitelor de la Bruxelles s-a \u00eencheiat\u201d, au afirmat membrii grupului parlamentar Patrio\u0163ii, \u00eentr-o declara\u0163ie comun\u0103, denun\u0163\u00e2nd \u201efanatismul climatic\u201d, \u201eimigra\u0163ia ilegal\u0103 \u015fi \u201ereglementarea excesiv\u0103\u201d promovate de Comisia European\u0103. UE trebuie s\u0103 fac\u0103 o \u201e\u00eentoarcere la 180 de grade\u201d, insist\u0103 Vox.\u00a0<\/p>\n<p>Pentru ace\u015fti politicieni, summitul de la Madrid ar trebui s\u0103 serveasc\u0103 drept o \u201edemonstra\u0163ie de for\u0163\u0103\u201d, observ\u0103 Steven Forti de la Universitatea Autonom\u0103 din Barcelona, pentru care grupul Patrio\u0163ii pentru Europa, creat \u00een urm\u0103 cu c\u00e2teva luni, r\u0103m\u00e2ne o coali\u0163ie fragil\u0103. Cu 86 de eurodeputa\u0163i &#8211; dintre care 30 din RN &#8211; dintr-un total de 720, acest grup este a treia for\u0163\u0103 \u00een Parlamentul European de la alegerile europene din iunie 2024.<\/p>\n<p>Dar grupul concureaz\u0103 la Bruxelles \u015fi Strasbourg cu alte dou\u0103 grupuri ultraconservatoare, Conservatorii \u015fi Reformi\u015ftii Europeni (80 de ale\u015fi), condus de partidul Giorgiei Meloni, \u015fi Europa Na\u0163iunilor Suverane (26 de ale\u015fi), care include AfD.<\/p>\n<p>\u00cen acest context, Steven Forti subliniaz\u0103 c\u0103 Patrio\u0163ii pentru Europa dore\u015fte s\u0103 \u201e\u00ee\u015fi arate caracterul mai de centru \u00een competi\u0163ia\u201d cu celelalte coali\u0163ii.<\/p>\n<p>Forti spune c\u0103 Patrio\u0163ii pentru Europa vrea s\u0103 \u201eprofite de valul provocat de victoria lui Trump \u015fi de \u015focul pe care m\u0103surile lui Trump \u00eel provoac\u0103 \u00een UE\u201d pentru a redesena \u201eechilibrele\u201d \u00een cadrul Uniunii.<\/p>\n<p>Considerat a fi unul dintre cei mai apropia\u0163i alia\u0163i ai lui Donald Trump \u00een Europa, Viktor Orban a f\u0103cut o serie de declara\u0163ii incendiare \u00een ultimele s\u0103pt\u0103m\u00e2ni, afirm\u00e2nd c\u0103 extrema dreapt\u0103 este \u201enoul mainstream\u201d \u00een Europa. \u201eEste r\u00e2ndul nostru s\u0103 ocup\u0103m Bruxelles-ul\u201d, a declarat el.<\/p>\n<p>Pentru Steven Forti, mi\u015fcarea Patrio\u0163ii pentru Europa \u201eare un lucru \u00een comun cu Trump: vrea s\u0103 submineze Uniunea European\u0103\u201d. Dar lu\u0103rile de pozi\u0163ie ale pre\u015fedintelui american pot genera, de asemenea, \u201etensiuni\u201d \u00eentre diferitele componente ale extremei drepte europene. De la revenirea sa la putere, Donald Trump \u015fi-a intensificat atacurile la adresa Europei, amenin\u0163\u00e2nd cu cre\u015fterea taxelor vamale \u015fi cer\u00e2nd anexarea Groenlandei, un teritoriu danez. Toate acestea creeaz\u0103 probleme majore partidelor na\u0163ionaliste din UE.<\/p>\n\n<p>\u201eS\u0103-\u0163i plac\u0103 patriotismul lui Donald Trump nu \u00eenseamn\u0103 s\u0103 fii un vasal al Statelor Unite\u201d, a declarat Jordan Bardella, pre\u015fedintele RN la jum\u0103tatea lunii ianuarie. El inten\u0163ioneaz\u0103 s\u0103 p\u0103streze distan\u0163a fa\u0163\u0103 de pre\u015fedintele american, ale c\u0103rui scandaluri sunt un motiv de \u00eengrijorare. La Madrid, Marine Le Pen va \u00eencerca s\u0103 g\u0103seasc\u0103 un punct de echilibru cu Donald Trump, potrivit anturajului s\u0103u. Unii nu au privit cu ochi buni sloganul \u201eMake Europe Great Again\u201d ales pentru summit, considerat \u201egrotesc\u201d de cercul apropiat al fostei candidate la pre\u015fedin\u0163ia francez\u0103.<\/p>","protected":false},"excerpt":{"rendered":"<p>Numero\u015fi lideri europeni de extrem\u0103 dreapta, \u00een frunte cu Viktor Orban \u015fi Marine Le Pen,&hellip;<\/p>\n","protected":false},"author":0,"featured_media":30162,"comment_status":"open","ping_status":"open","sticky":false,"template":"","format":"standard","meta":{"footnotes":""},"categories":[2],"tags":[],"class_list":["post-30172","post","type-post","status-publish","format-standard","has-post-thumbnail","hentry","category-actual"],"_links":{"self":[{"href":"https:\/\/247stiri.ro\/index.php\/wp-json\/wp\/v2\/posts\/30172","targetHints":{"allow":["GET"]}}],"collection":[{"href":"https:\/\/247stiri.ro\/index.php\/wp-json\/wp\/v2\/posts"}],"about":[{"href":"https:\/\/247stiri.ro\/index.php\/wp-json\/wp\/v2\/types\/post"}],"replies":[{"embeddable":true,"href":"https:\/\/247stiri.ro\/index.php\/wp-json\/wp\/v2\/comments?post=30172"}],"version-history":[{"count":0,"href":"https:\/\/247stiri.ro\/index.php\/wp-json\/wp\/v2\/posts\/30172\/revisions"}],"wp:featuredmedia":[{"embeddable":true,"href":"https:\/\/247stiri.ro\/index.php\/wp-json\/wp\/v2\/media\/30162"}],"wp:attachment":[{"href":"https:\/\/247stiri.ro\/index.php\/wp-json\/wp\/v2\/media?parent=30172"}],"wp:term":[{"taxonomy":"category","embeddable":true,"href":"https:\/\/247stiri.ro\/index.php\/wp-json\/wp\/v2\/categories?post=30172"},{"taxonomy":"post_tag","embeddable":true,"href":"https:\/\/247stiri.ro\/index.php\/wp-json\/wp\/v2\/tags?post=30172"}],"curies":[{"name":"wp","href":"https:\/\/api.w.org\/{rel}","templated":true}]}}