{"id":30182,"date":"2025-02-08T19:48:15","date_gmt":"2025-02-08T19:48:15","guid":{"rendered":"https:\/\/247stiri.ro\/index.php\/2025\/02\/08\/crima-sangeroasa-de-la-medgidia-doi-barbati-au-fost-arestati-preventiv\/"},"modified":"2025-02-08T19:48:15","modified_gmt":"2025-02-08T19:48:15","slug":"crima-sangeroasa-de-la-medgidia-doi-barbati-au-fost-arestati-preventiv","status":"publish","type":"post","link":"https:\/\/247stiri.ro\/index.php\/2025\/02\/08\/crima-sangeroasa-de-la-medgidia-doi-barbati-au-fost-arestati-preventiv\/","title":{"rendered":"Crima s\u00e2ngeroas\u0103 de la Medgidia. Doi b\u0103rba\u021bi au fost aresta\u021bi preventiv"},"content":{"rendered":"<p>Pe 6 februarie, \u00een jurul orei 21.00, patru b\u0103rba\u021bi ar fi p\u0103truns \u00eentr-un imobil de pe strada Cioc\u00e2rliei, din municipiul Medgidia.<\/p>\n<p>\u201eUnul dintre ace\u0219tia le-ar fi agresat fizic, cu un obiect t\u0103ietor-\u00een\u021bep\u0103tor, pe cele cinci persoane v\u0103t\u0103mate aflate \u00een locuin\u021b\u0103, una dintre acestea deced\u00e2nd. De asemenea, un al doilea b\u0103rbat ar fi \u00eencercat s\u0103 le agreseze fizic, cu un obiect t\u0103ietor-\u00een\u021bep\u0103tor, pe trei dintre persoanele v\u0103t\u0103mate\u201c, reiese dintr-un comunicat transmis de IPJ Constan\u021ba.<\/p>\n<p>Procurorul de caz din cadrul Tribunalului Constan\u021ba a dispus re\u021binerea, pentru 24 de ore, a celor doi b\u0103rba\u021bi, b\u0103nui\u021bi de s\u0103v\u00e2r\u0219irea infrac\u021biunilor de omor calificat, tentativ\u0103 la omor calificat, complicitate la omor calificat, complicitate la tentativ\u0103 de omor calificat \u0219i tulburarea ordinii \u0219i lini\u0219tii publice.<\/p>\n<p>Cei doi suspec\u021bi re\u021binu\u021bi vor fi prezenta\u021bi s\u00e2mb\u0103t\u0103 instan\u021bei de judecat\u0103, cu propunere de arestare preventiv\u0103.<\/p>\n<p>Purt\u0103torul de cuv\u00e2nt al Serviciului de Ambulan\u021b\u0103 Jude\u021bean Constan\u021ba, dr. Claudia Tatarici, a declarat joi sear\u0103 c\u0103 doi b\u0103rba\u021bi \u0219i o femeie au fost \u00eenjunghia\u021bi, \u00een urma unui conflict la Medgidia, una dintre victime fiind \u00een stare grav\u0103.<\/p>","protected":false},"excerpt":{"rendered":"<p>Pe 6 februarie, \u00een jurul orei 21.00, patru b\u0103rba\u021bi ar fi p\u0103truns \u00eentr-un imobil de&hellip;<\/p>\n","protected":false},"author":0,"featured_media":30183,"comment_status":"open","ping_status":"open","sticky":false,"template":"","format":"standard","meta":{"footnotes":""},"categories":[2],"tags":[],"class_list":["post-30182","post","type-post","status-publish","format-standard","has-post-thumbnail","hentry","category-actual"],"_links":{"self":[{"href":"https:\/\/247stiri.ro\/index.php\/wp-json\/wp\/v2\/posts\/30182","targetHints":{"allow":["GET"]}}],"collection":[{"href":"https:\/\/247stiri.ro\/index.php\/wp-json\/wp\/v2\/posts"}],"about":[{"href":"https:\/\/247stiri.ro\/index.php\/wp-json\/wp\/v2\/types\/post"}],"replies":[{"embeddable":true,"href":"https:\/\/247stiri.ro\/index.php\/wp-json\/wp\/v2\/comments?post=30182"}],"version-history":[{"count":0,"href":"https:\/\/247stiri.ro\/index.php\/wp-json\/wp\/v2\/posts\/30182\/revisions"}],"wp:featuredmedia":[{"embeddable":true,"href":"https:\/\/247stiri.ro\/index.php\/wp-json\/wp\/v2\/media\/30183"}],"wp:attachment":[{"href":"https:\/\/247stiri.ro\/index.php\/wp-json\/wp\/v2\/media?parent=30182"}],"wp:term":[{"taxonomy":"category","embeddable":true,"href":"https:\/\/247stiri.ro\/index.php\/wp-json\/wp\/v2\/categories?post=30182"},{"taxonomy":"post_tag","embeddable":true,"href":"https:\/\/247stiri.ro\/index.php\/wp-json\/wp\/v2\/tags?post=30182"}],"curies":[{"name":"wp","href":"https:\/\/api.w.org\/{rel}","templated":true}]}}