{"id":30209,"date":"2025-02-09T05:44:57","date_gmt":"2025-02-09T05:44:57","guid":{"rendered":"https:\/\/247stiri.ro\/index.php\/2025\/02\/09\/scandal-urias-si-demisii-in-tabara-rezistilor-dupa-ce-elena-lasconi-l-a-comparat-pe-nicusor-dan-cu-calin-georgescu\/"},"modified":"2025-02-09T05:44:57","modified_gmt":"2025-02-09T05:44:57","slug":"scandal-urias-si-demisii-in-tabara-rezistilor-dupa-ce-elena-lasconi-l-a-comparat-pe-nicusor-dan-cu-calin-georgescu","status":"publish","type":"post","link":"https:\/\/247stiri.ro\/index.php\/2025\/02\/09\/scandal-urias-si-demisii-in-tabara-rezistilor-dupa-ce-elena-lasconi-l-a-comparat-pe-nicusor-dan-cu-calin-georgescu\/","title":{"rendered":"Scandal uria\u0219 \u0219i demisii \u00een tab\u0103ra rezi\u0219tilor dup\u0103 ce Elena Lasconi l-a comparat pe Nicu\u0219or Dan cu C\u0103lin Georgescu"},"content":{"rendered":"<p>`Eu nu \u00een\u021beleg calculul pe care l-a f\u0103cut Nicu\u0219or Dan, dac\u0103 are un calcul, \u0219i mirajul acesta al independentului seam\u0103n\u0103 foarte mult cu mirajul altui independent care vrea s\u0103 ne salveze. \u00cenc\u0103 o dat\u0103, nu \u0219tiu la ce anume s-a g\u00e2ndit atunci c\u00e2nd a decis s\u0103 candideze la preziden\u021biale\u201d.Este declara\u021bia care i-a revoltat pe rezi\u0219ti, care s-au revoltat \u00eempotriva conducerii pe re\u021belele de socializare.\u201eCu toate \u00eenjur\u0103turile pe care mi le voi lua \u0219i probabil excluderea din USR, trebuie s\u0103 spun urm\u0103toarele: Dac\u0103 peste faptul c\u0103 &#8222;\u00een Rom\u00e2nia avem o trup\u0103 NATO&#8221; (cine? 3SudEst?) am \u00eencercat s\u0103 trec, dac\u0103 peste scrisoarea c\u0103tre Trump \u00een care spunea c\u0103 vrea s\u0103 aib\u0103 o rela\u021bie personal\u0103 cu el am \u00eencercat s\u0103 trec, dac\u0103 peste declara\u021biile cum c\u0103 ne atac\u0103 ru\u0219ii, apoi nu ne mai atac\u0103 ru\u0219ii, am putut s\u0103 trec consider\u00e2nd c\u0103 nu sunt minciuni, ci pur \u0219i simplu \u00eencerc\u0103ri de comunicare public\u0103, peste asta nu pot s\u0103 trec. Accept orice repercusiuni venite din partea conducerii USR. Am spus-o de multe ori \u0219i o repet \u0219i acum: alegerile din mai sunt o born\u0103 esen\u021bial\u0103 pentru viitorul Rom\u00e2niei \u0219i implicit \u0219i al meu \u0219i al familiei mele, iar asta valoreaz\u0103 mai mult pentru mine dec\u00e2t loialitatea fa\u021b\u0103 de un lider de partid. Sus\u021binerea mea pentru Elena Lasconi se \u00eencheie acum.\u201dUn alt atac vehement a venit de la Victor Ilie, fost parlamentar USR, care a anun\u021bat c\u0103 \u00ee\u0219i d\u0103 demisia din partid dac\u0103 Lasconi nu se retrage \u00een favoarea lui Nicu\u0219or Dan.\u201eDac\u0103 dup\u0103 presta\u021bia asta nu-\u0219i d\u0103 demisia, sau Breaking News-ul nu anun\u021b\u0103 oficial c\u0103 \u00eel sus\u021bine pe Nicu\u0219or Dan, eu \u00eemi dau demisia din USR. N-am putut niciodat\u0103, absolut niciodat\u0103 s\u0103 m\u0103 uit la un interviu sau discurs integral cu Elena Lasconi. Pur \u0219i simplu \u00eemi curge s\u00e2nge din urechi auzind-o. Da, am sus\u021binut-o, \u00een lips\u0103 de ceva mai bun. Acum avem ceva mai bun.\u201dS\u0103pt\u0103m\u00e2na trecut\u0103, Elena Lasconi \u0219i Nicu\u0219or Dan au avut o \u00eent\u00e2lnire \u00een care au discutat despre candidatura la alegerile preziden\u021biale, \u00een condi\u021biile \u00een care \u00een declara\u021bii publice ambii lideri \u0219i-au cerut reciproc s\u0103 se retrag\u0103 din curs\u0103.\u00a0<\/p>","protected":false},"excerpt":{"rendered":"<p>`Eu nu \u00een\u021beleg calculul pe care l-a f\u0103cut Nicu\u0219or Dan, dac\u0103 are un calcul, \u0219i&hellip;<\/p>\n","protected":false},"author":0,"featured_media":30206,"comment_status":"open","ping_status":"open","sticky":false,"template":"","format":"standard","meta":{"footnotes":""},"categories":[2],"tags":[],"class_list":["post-30209","post","type-post","status-publish","format-standard","has-post-thumbnail","hentry","category-actual"],"_links":{"self":[{"href":"https:\/\/247stiri.ro\/index.php\/wp-json\/wp\/v2\/posts\/30209","targetHints":{"allow":["GET"]}}],"collection":[{"href":"https:\/\/247stiri.ro\/index.php\/wp-json\/wp\/v2\/posts"}],"about":[{"href":"https:\/\/247stiri.ro\/index.php\/wp-json\/wp\/v2\/types\/post"}],"replies":[{"embeddable":true,"href":"https:\/\/247stiri.ro\/index.php\/wp-json\/wp\/v2\/comments?post=30209"}],"version-history":[{"count":0,"href":"https:\/\/247stiri.ro\/index.php\/wp-json\/wp\/v2\/posts\/30209\/revisions"}],"wp:featuredmedia":[{"embeddable":true,"href":"https:\/\/247stiri.ro\/index.php\/wp-json\/wp\/v2\/media\/30206"}],"wp:attachment":[{"href":"https:\/\/247stiri.ro\/index.php\/wp-json\/wp\/v2\/media?parent=30209"}],"wp:term":[{"taxonomy":"category","embeddable":true,"href":"https:\/\/247stiri.ro\/index.php\/wp-json\/wp\/v2\/categories?post=30209"},{"taxonomy":"post_tag","embeddable":true,"href":"https:\/\/247stiri.ro\/index.php\/wp-json\/wp\/v2\/tags?post=30209"}],"curies":[{"name":"wp","href":"https:\/\/api.w.org\/{rel}","templated":true}]}}