{"id":30238,"date":"2025-02-09T07:47:15","date_gmt":"2025-02-09T07:47:15","guid":{"rendered":"https:\/\/247stiri.ro\/index.php\/2025\/02\/09\/sfintii-zilei-9-februarie-2025-sf-mucenic-nichifor\/"},"modified":"2025-02-09T07:47:15","modified_gmt":"2025-02-09T07:47:15","slug":"sfintii-zilei-9-februarie-2025-sf-mucenic-nichifor","status":"publish","type":"post","link":"https:\/\/247stiri.ro\/index.php\/2025\/02\/09\/sfintii-zilei-9-februarie-2025-sf-mucenic-nichifor\/","title":{"rendered":"SFIN\u021aII ZILEI 9 Februarie 2025. Sf. Mucenic Nichifor"},"content":{"rendered":"<p>\u00cen aceast\u0103 lun\u0103, ziua a noua, pomenirea sf\u00e2ntului mucenic Nichifor<\/p>\n<p>Sf\u00e2ntul Nichifor a tr\u0103it pe vremea \u00eemp\u0103ra\u0163ilor Valerian \u015fi Galin, \u015fi era om de jos. El avea ca prieten pe un preot al Bisericii cre\u015ftine, cu numele de Sapriciu, care din \u00eendemn diavolesc, s-a pornit cu ur\u0103 asupra sf\u00e2ntului Nichifor \u015fi-i purta pizm\u0103. \u00cens\u0103 c\u00e2nd Sapriciu a fost prins de slujitorii idolilor \u015fi supus la multe chinuri, sf\u00e2ntul Nichifor a trimis la el mijlocitori, cer\u00e2ndu-i iertare, dar acesta nu a voit s\u0103 aud\u0103 de rug\u0103ciunile lui. Dar c\u00e2nd sf\u00e2ntul Nichifor a v\u0103zut c\u0103 duc pe Sapriciu s\u0103-i taie capul, a alergat \u015fi a c\u0103zut la picioarele lui, cer\u00e2ndu-i iertare. \u015ei, aduc\u00e2ndu-i aminte de poruncile lui Hristos privitoare la dragostea cre\u015ftin\u0103, Sapriciu nu l-a ascultat. \u015ei, trec\u00e2nd prin multe chinuri \u015fi apropiindu-se de cunun\u0103 \u015fi de r\u0103splat\u0103, ca unul care urma s\u0103 fie junghiat pentru Hristos, Sapriciu n-a primit s\u0103-i dea sf\u00e2ntului Nichifor iertare \u015fi dezbr\u0103cat fiind de ajutorul lui Dumnezeu, a zis c\u0103l\u0103ilor: l\u0103sa\u0163i-m\u0103, c\u0103 voi aduce jertf\u0103 idolilor. Atunci sf\u00e2ntul Nichifor, v\u0103z\u00e2nd aceasta s-a dat pe sine c\u0103l\u0103ilor, \u015fi m\u0103rturisind pe fa\u0163\u0103 pe Hristos, i s-a t\u0103iat capul din porunca tiranului, lu\u00e2nd \u00eendat\u0103 r\u0103splata dragostei pe care se nevoia s\u0103 o plineasc\u0103 pentru D\u0103t\u0103torul dragostei, Hristos.<\/p>\n<p>Tot \u00een aceast\u0103 zi, pomenirea cuviosului p\u0103rintelui nostru Roman Cilicianul<\/p>\n<p>Acest cuvios Roman, fiind cilician de neam din cetatea Rosos s-a nevoit pentru fapta bun\u0103 \u00een Antiohia. C\u0103ci f\u0103c\u00e2ndu-\u015fi o c\u0103scioar\u0103 \u00een afar\u0103 de zidurile cet\u0103\u0163ii, la o margine, se nevoia sih\u0103stre\u015fte f\u0103r\u0103 a \u00eentrebuin\u0163a foc \u015fi f\u0103r\u0103 a avea lumin\u0103 de lum\u00e2nare. Hran\u0103 avea p\u00e2ine \u015fi sare; b\u0103utur\u0103, ap\u0103 de izvor; avea hain\u0103 de peri de capr\u0103; \u015fi p\u0103rul lung ajungea p\u00e2n\u0103 la picioare. \u015ei mult dar i s-a dat lui de la Dumnezeu: c\u0103 a vindecat multe boli grele, \u015fi multe femei sterpe prin rug\u0103ciunile lui au dob\u00e2ndit prunci. \u015ei astfel bine nevoindu-se a adormit \u00een pace.<\/p>\n<p>Tot \u00een aceast\u00e3 zi, pomenirea sfin\u0163ilor mucenici Marcel episcopul Siciliei, Filagriu episcopul Ciprului \u015fi Pangratiu episcopul Tavromeniei<\/p>\n<p>Ace\u015fti sfin\u0163i au fost c\u00e2te\u015fitrei ucenici ai sf\u00e2ntului apostol Petru. \u015ei \u00eenc\u0103 de pe c\u00e2nd umbla Hristos cu trupul pe p\u0103m\u00e2nt \u015fi f\u0103cea minuni, Marcel auzind, s-a dus de la Antiohia la Ierusalim, \u00eempreun\u0103 cu Pangratiu, ca s\u0103-L vad\u0103. Pangratiu de atunci f\u0103c\u00e2ndu-se cunoscut sf\u00e2ntului Petru, dup\u0103 \u00een\u0103l\u0163area lui Hristos, i-a urmat lui Petru \u015fi, fiind f\u0103cut de acesta episcop al Tavromeniei \u015fi slujitor al lui Hristos, a fost omor\u00e2t pe ascuns de eleni. Iar Marcel, fiind hirotonisit de asemenea episcop al Siciliei \u015fi pe mul\u0163i din necredincio\u015fi \u00eentorc\u00e2ndu-i c\u0103tre Domnul, s-a s\u0103v\u00e2r\u015fit din via\u0163\u0103. Tot astfel \u015fi Filagriu, ajung\u00e2nd arhiereu la Cipru, \u015fi \u00eenv\u0103\u0163\u00e2nd \u015fi acolo \u00een numele lui Hristos \u015fi multe chinuri suferind pentru adev\u0103rata credin\u0163\u0103, s-a mutat c\u0103tre Domnul.<\/p>\n<p>Tot \u00een aceast\u0103 zi, pomenirea sf\u00e2ntului sfin\u0163itului mucenic Petru Damaschin, care de sabie s-a s\u0103v\u00e2r\u015fit.<\/p>\n<p><a href=\"https:\/\/www.calendar-ortodox.ro\/luna\/februarie\/februarie09.htm\" target=\"_blank\">SURSA<\/a><\/p>","protected":false},"excerpt":{"rendered":"<p>\u00cen aceast\u0103 lun\u0103, ziua a noua, pomenirea sf\u00e2ntului mucenic Nichifor Sf\u00e2ntul Nichifor a tr\u0103it pe&hellip;<\/p>\n","protected":false},"author":0,"featured_media":30231,"comment_status":"open","ping_status":"open","sticky":false,"template":"","format":"standard","meta":{"footnotes":""},"categories":[2],"tags":[],"class_list":["post-30238","post","type-post","status-publish","format-standard","has-post-thumbnail","hentry","category-actual"],"_links":{"self":[{"href":"https:\/\/247stiri.ro\/index.php\/wp-json\/wp\/v2\/posts\/30238","targetHints":{"allow":["GET"]}}],"collection":[{"href":"https:\/\/247stiri.ro\/index.php\/wp-json\/wp\/v2\/posts"}],"about":[{"href":"https:\/\/247stiri.ro\/index.php\/wp-json\/wp\/v2\/types\/post"}],"replies":[{"embeddable":true,"href":"https:\/\/247stiri.ro\/index.php\/wp-json\/wp\/v2\/comments?post=30238"}],"version-history":[{"count":0,"href":"https:\/\/247stiri.ro\/index.php\/wp-json\/wp\/v2\/posts\/30238\/revisions"}],"wp:featuredmedia":[{"embeddable":true,"href":"https:\/\/247stiri.ro\/index.php\/wp-json\/wp\/v2\/media\/30231"}],"wp:attachment":[{"href":"https:\/\/247stiri.ro\/index.php\/wp-json\/wp\/v2\/media?parent=30238"}],"wp:term":[{"taxonomy":"category","embeddable":true,"href":"https:\/\/247stiri.ro\/index.php\/wp-json\/wp\/v2\/categories?post=30238"},{"taxonomy":"post_tag","embeddable":true,"href":"https:\/\/247stiri.ro\/index.php\/wp-json\/wp\/v2\/tags?post=30238"}],"curies":[{"name":"wp","href":"https:\/\/api.w.org\/{rel}","templated":true}]}}