{"id":30246,"date":"2025-02-09T08:49:29","date_gmt":"2025-02-09T08:49:29","guid":{"rendered":"https:\/\/247stiri.ro\/index.php\/2025\/02\/09\/niste-hoti-responsabili-au-spart-magazinul-au-luat-tot-iar-apoi-au-sunat-la-112-ca-sa-reclame-furtul\/"},"modified":"2025-02-09T08:49:29","modified_gmt":"2025-02-09T08:49:29","slug":"niste-hoti-responsabili-au-spart-magazinul-au-luat-tot-iar-apoi-au-sunat-la-112-ca-sa-reclame-furtul","status":"publish","type":"post","link":"https:\/\/247stiri.ro\/index.php\/2025\/02\/09\/niste-hoti-responsabili-au-spart-magazinul-au-luat-tot-iar-apoi-au-sunat-la-112-ca-sa-reclame-furtul\/","title":{"rendered":"Ni\u0219te ho\u021bi \u201eresponsabili\u201d: Au spart magazinul, au luat tot, iar apoi au sunat la 112 ca s\u0103 reclame furtul!"},"content":{"rendered":"<p>Doi tineri din S\u0103laj, de 16 ani, respectiv 18 ani, au fost re\u0163inu\u0163i de poli\u0163i\u015fti, vineri, dup\u0103 ce au intrat prin efrac\u0163ie \u00eentr-un magazin din localitatea S\u00e2ncraiu Alma\u015fului, de unde au furat \u0163ig\u0103ri, b\u0103uturi alcoolice \u015fi alimente \u00een valoare de 7.500 de lei, anun\u021b\u0103 s\u00e2mb\u0103t\u0103 IPJ S\u0103laj.<\/p>\n<p>Tinerii au \u00eencercat s\u0103 induc\u0103 \u00een eroare poli\u021bi\u0219tii, anun\u0163\u00e2nd furtul la 112.<\/p>\n<p>\u201e\u00cen fapt, la data de 7 februarie, \u00een jurul orei 02:00, un t\u00e2n\u0103r de 16 ani, din comuna Zimbor, a apelat num\u0103rul unic de urgen\u0163\u0103 112, sesiz\u00e2nd faptul c\u0103, \u00een timp ce se deplasa pe o strad\u0103 din localitatea S\u00e2ncraiu Alma\u015fului, a observat c\u0103 u\u015fa unei societ\u0103\u0163i comerciale din localitate era deschis\u0103, iar \u00een interior se aflau mai multe bunuri r\u0103v\u0103\u015fite\u201d, a transmis IPJ S\u0103laj.<\/p>\n<p>Dup\u0103 cercet\u0103ri, poli\u0163i\u015ftii au stabilit c\u0103 apelantul, \u00eempreun\u0103 cu un alt t\u00e2n\u0103r de 18 ani, au for\u021bat u\u015fa de acces a magazinului, iar dup\u0103 distrugerea camerelor de supraveghere amplasate \u00een interiorul acestuia au sustras 200 de pachete de \u0163ig\u0103ri, b\u0103uturi alcoolice \u015fi produse alimentare, \u00een valoare de aproximativ 7.500 de lei.<\/p>\n<p>Cei doi tineri au fost depista\u0163i \u015fi re\u0163inu\u0163i de poli\u0163i\u015fti \u00een cursul zilei de vineri, iar prejudiciul a fost recuperat \u00een totalitate. Ei sunt acum cerceta\u0163i pentru furt calificat \u015fi distrugere.<\/p>","protected":false},"excerpt":{"rendered":"<p>Doi tineri din S\u0103laj, de 16 ani, respectiv 18 ani, au fost re\u0163inu\u0163i de poli\u0163i\u015fti,&hellip;<\/p>\n","protected":false},"author":0,"featured_media":30247,"comment_status":"open","ping_status":"open","sticky":false,"template":"","format":"standard","meta":{"footnotes":""},"categories":[2],"tags":[],"class_list":["post-30246","post","type-post","status-publish","format-standard","has-post-thumbnail","hentry","category-actual"],"_links":{"self":[{"href":"https:\/\/247stiri.ro\/index.php\/wp-json\/wp\/v2\/posts\/30246","targetHints":{"allow":["GET"]}}],"collection":[{"href":"https:\/\/247stiri.ro\/index.php\/wp-json\/wp\/v2\/posts"}],"about":[{"href":"https:\/\/247stiri.ro\/index.php\/wp-json\/wp\/v2\/types\/post"}],"replies":[{"embeddable":true,"href":"https:\/\/247stiri.ro\/index.php\/wp-json\/wp\/v2\/comments?post=30246"}],"version-history":[{"count":0,"href":"https:\/\/247stiri.ro\/index.php\/wp-json\/wp\/v2\/posts\/30246\/revisions"}],"wp:featuredmedia":[{"embeddable":true,"href":"https:\/\/247stiri.ro\/index.php\/wp-json\/wp\/v2\/media\/30247"}],"wp:attachment":[{"href":"https:\/\/247stiri.ro\/index.php\/wp-json\/wp\/v2\/media?parent=30246"}],"wp:term":[{"taxonomy":"category","embeddable":true,"href":"https:\/\/247stiri.ro\/index.php\/wp-json\/wp\/v2\/categories?post=30246"},{"taxonomy":"post_tag","embeddable":true,"href":"https:\/\/247stiri.ro\/index.php\/wp-json\/wp\/v2\/tags?post=30246"}],"curies":[{"name":"wp","href":"https:\/\/api.w.org\/{rel}","templated":true}]}}