{"id":30251,"date":"2025-02-09T08:49:31","date_gmt":"2025-02-09T08:49:31","guid":{"rendered":"https:\/\/247stiri.ro\/index.php\/2025\/02\/09\/masini-de-ucraina-descoperite-de-politisti-erau-folosite-pentru-transportul-ilegal-al-ucrainenilor-de-la-aeroportul-suceava-la-cernauti\/"},"modified":"2025-02-09T08:49:31","modified_gmt":"2025-02-09T08:49:31","slug":"masini-de-ucraina-descoperite-de-politisti-erau-folosite-pentru-transportul-ilegal-al-ucrainenilor-de-la-aeroportul-suceava-la-cernauti","status":"publish","type":"post","link":"https:\/\/247stiri.ro\/index.php\/2025\/02\/09\/masini-de-ucraina-descoperite-de-politisti-erau-folosite-pentru-transportul-ilegal-al-ucrainenilor-de-la-aeroportul-suceava-la-cernauti\/","title":{"rendered":"Ma\u0219ini de Ucraina, descoperite de poli\u021bi\u0219ti. Erau folosite pentru transportul ilegal al ucrainenilor de la Aeroportul Suceava la Cern\u0103u\u021bi"},"content":{"rendered":"<p>O parte dintre aceste ma\u015fini nu mai pot circula, pentru c\u0103 oamenii legii au re\u0163inut pl\u0103cu\u0163ele cu numerele de \u00eenmatriculare. Ac\u0163iunea Poli\u0163iei Rutiere a vizat mai multe rute, \u00een special cele care duc spre aeroportul din\u00a0Suceava, transmite corespondenta Radio Rom\u00e2nia Actualit\u0103\u0163i, Mihaela Buculei.<\/p>\n<p>Cinci microbuze cu regim de transport 8+1 persoane \u015fi dou\u0103 autoturisme cu numere de Ucraina au r\u0103mas f\u0103r\u0103 pl\u0103cu\u0163e de \u00eenmatriculare, \u00een urma unei ample ac\u0163iuni de control \u00een trafic, care a venit dup\u0103 numeroase pl\u00e2ngeri depuse de taximetri\u015ftii suceveni, care reclamau c\u0103 ma\u015fini din Ucraina efectueaz\u0103 transporturi ilegale de persoane de la Aeroportul Interna\u0163ional \u201e\u015etefan cel Mare\u201d Salcea c\u0103tre Cern\u0103u\u0163i. Ca urmare a neregulilor descoperite au fost re\u0163inute nou\u0103 certificate de \u00eenmatriculare ale unor autovehicule care desf\u0103\u015furau activit\u0103\u0163i de transport persoane \u015fi au fost retrase \u015fapte seturi de pl\u0103cu\u0163e cu numere de \u00eenmatriculare, pentru \u00eenc\u0103lcarea legisla\u0163iei privind transportul \u00een regim taxi \u015fi \u00eenchiriere. Poli\u0163i\u015ftii au verificat dac\u0103 cei care operau transporturi de persoane au documentele necesare acestei activit\u0103\u0163i, precum \u015fi dac\u0103 respect\u0103 traseul \u015fi graficul de circula\u0163ie.<\/p>\n<p>Poli\u0163i\u015ftii le recomand\u0103 cet\u0103\u0163enilor s\u0103 nu apeleze la a\u015fa-numitele transporturi de ocazie, subliniind c\u0103 ma\u015finile folosite nu sunt verificate \u015fi pot fi un adev\u0103rat pericol \u00een trafic. (Rador\/ FOTO radioiasi.ro\/ imagine ilustrativ\u0103)<\/p>","protected":false},"excerpt":{"rendered":"<p>O parte dintre aceste ma\u015fini nu mai pot circula, pentru c\u0103 oamenii legii au re\u0163inut&hellip;<\/p>\n","protected":false},"author":0,"featured_media":30252,"comment_status":"open","ping_status":"open","sticky":false,"template":"","format":"standard","meta":{"footnotes":""},"categories":[2],"tags":[],"class_list":["post-30251","post","type-post","status-publish","format-standard","has-post-thumbnail","hentry","category-actual"],"_links":{"self":[{"href":"https:\/\/247stiri.ro\/index.php\/wp-json\/wp\/v2\/posts\/30251","targetHints":{"allow":["GET"]}}],"collection":[{"href":"https:\/\/247stiri.ro\/index.php\/wp-json\/wp\/v2\/posts"}],"about":[{"href":"https:\/\/247stiri.ro\/index.php\/wp-json\/wp\/v2\/types\/post"}],"replies":[{"embeddable":true,"href":"https:\/\/247stiri.ro\/index.php\/wp-json\/wp\/v2\/comments?post=30251"}],"version-history":[{"count":0,"href":"https:\/\/247stiri.ro\/index.php\/wp-json\/wp\/v2\/posts\/30251\/revisions"}],"wp:featuredmedia":[{"embeddable":true,"href":"https:\/\/247stiri.ro\/index.php\/wp-json\/wp\/v2\/media\/30252"}],"wp:attachment":[{"href":"https:\/\/247stiri.ro\/index.php\/wp-json\/wp\/v2\/media?parent=30251"}],"wp:term":[{"taxonomy":"category","embeddable":true,"href":"https:\/\/247stiri.ro\/index.php\/wp-json\/wp\/v2\/categories?post=30251"},{"taxonomy":"post_tag","embeddable":true,"href":"https:\/\/247stiri.ro\/index.php\/wp-json\/wp\/v2\/tags?post=30251"}],"curies":[{"name":"wp","href":"https:\/\/api.w.org\/{rel}","templated":true}]}}