{"id":30257,"date":"2025-02-09T09:45:58","date_gmt":"2025-02-09T09:45:58","guid":{"rendered":"https:\/\/247stiri.ro\/index.php\/2025\/02\/09\/magistratii-din-bucuresti-au-preluat-dosarul-penal-al-bataii-intre-clanurile-din-urziceni-unde-doi-oameni-au-murit\/"},"modified":"2025-02-09T09:45:58","modified_gmt":"2025-02-09T09:45:58","slug":"magistratii-din-bucuresti-au-preluat-dosarul-penal-al-bataii-intre-clanurile-din-urziceni-unde-doi-oameni-au-murit","status":"publish","type":"post","link":"https:\/\/247stiri.ro\/index.php\/2025\/02\/09\/magistratii-din-bucuresti-au-preluat-dosarul-penal-al-bataii-intre-clanurile-din-urziceni-unde-doi-oameni-au-murit\/","title":{"rendered":"Magistra\u021bii din Bucure\u0219ti au preluat dosarul penal al b\u0103t\u0103ii \u00eentre clanurile din Urziceni, unde doi oameni au murit"},"content":{"rendered":"<p>Potrivit unor surse apropiate anchetei, conflictul \u00een care au fost trase \u0219i focuri de arm\u0103 a izbucnit \u00eentre membrii a dou\u0103 familii din Urziceni \u0219i Prahova, motivul fiind legat de rela\u021bia dintre un b\u0103iat \u0219i o fat\u0103.<\/p>\n<p><a href=\"https:\/\/www.realitatea.net\/stiri\/actual\/bataie-intre-clanurile-interlope-in-centrul-orasului-urziceni-doi-oameni-au-murit-trei-sunt-grav-raniti-de-la-ce-a-pornit-totul_67a7955cd919ee297f689922\" target=\"_blank\">B\u0103taie \u00eentre clanurile interlope, \u00een centrul ora\u0219ului Urziceni. Doi oameni au murit, trei sunt grav r\u0103ni\u021bi. De la ce a pornit totul? VIDEO<\/a><\/p>\n<p>Poli\u021bia spune c\u0103 \u00een eveniment au fost implicate peste 25 de persoane, dintre care cinci au ajuns la spital pentru \u00eengrijiri medicale.<\/p>\n<p>Dou\u0103 persoane dintre cele ajunse la spital au murit.<\/p>\n<p>\u00cen acela\u0219i timp, la fa\u021ba locului au fost trimise mai multe echipe operative de ordine public\u0103, rutier\u0103 \u0219i investiga\u021bii criminale, conflictul fiind aplanat \u00een cel mai scurt timp, mai precizeaz\u0103 poli\u021bia.<\/p>","protected":false},"excerpt":{"rendered":"<p>Potrivit unor surse apropiate anchetei, conflictul \u00een care au fost trase \u0219i focuri de arm\u0103&hellip;<\/p>\n","protected":false},"author":0,"featured_media":30258,"comment_status":"open","ping_status":"open","sticky":false,"template":"","format":"standard","meta":{"footnotes":""},"categories":[2],"tags":[],"class_list":["post-30257","post","type-post","status-publish","format-standard","has-post-thumbnail","hentry","category-actual"],"_links":{"self":[{"href":"https:\/\/247stiri.ro\/index.php\/wp-json\/wp\/v2\/posts\/30257","targetHints":{"allow":["GET"]}}],"collection":[{"href":"https:\/\/247stiri.ro\/index.php\/wp-json\/wp\/v2\/posts"}],"about":[{"href":"https:\/\/247stiri.ro\/index.php\/wp-json\/wp\/v2\/types\/post"}],"replies":[{"embeddable":true,"href":"https:\/\/247stiri.ro\/index.php\/wp-json\/wp\/v2\/comments?post=30257"}],"version-history":[{"count":0,"href":"https:\/\/247stiri.ro\/index.php\/wp-json\/wp\/v2\/posts\/30257\/revisions"}],"wp:featuredmedia":[{"embeddable":true,"href":"https:\/\/247stiri.ro\/index.php\/wp-json\/wp\/v2\/media\/30258"}],"wp:attachment":[{"href":"https:\/\/247stiri.ro\/index.php\/wp-json\/wp\/v2\/media?parent=30257"}],"wp:term":[{"taxonomy":"category","embeddable":true,"href":"https:\/\/247stiri.ro\/index.php\/wp-json\/wp\/v2\/categories?post=30257"},{"taxonomy":"post_tag","embeddable":true,"href":"https:\/\/247stiri.ro\/index.php\/wp-json\/wp\/v2\/tags?post=30257"}],"curies":[{"name":"wp","href":"https:\/\/api.w.org\/{rel}","templated":true}]}}