{"id":30270,"date":"2025-02-09T11:47:33","date_gmt":"2025-02-09T11:47:33","guid":{"rendered":"https:\/\/247stiri.ro\/index.php\/2025\/02\/09\/cancelarul-germaniei-despre-trupe-ale-pacii-in-ucraina-este-o-discutie-prematura-si-nepotrivita\/"},"modified":"2025-02-09T11:47:33","modified_gmt":"2025-02-09T11:47:33","slug":"cancelarul-germaniei-despre-trupe-ale-pacii-in-ucraina-este-o-discutie-prematura-si-nepotrivita","status":"publish","type":"post","link":"https:\/\/247stiri.ro\/index.php\/2025\/02\/09\/cancelarul-germaniei-despre-trupe-ale-pacii-in-ucraina-este-o-discutie-prematura-si-nepotrivita\/","title":{"rendered":"Cancelarul Germaniei despre trupe ale p\u0103cii \u00een Ucraina: \u201eEste o discu\u021bie prematur\u0103 \u0219i nepotrivit\u0103\u201d"},"content":{"rendered":"<p>Cancelarul german Olaf Scholz a declarat, \u00eentr-un interviu acordat s\u00e2mb\u0103t\u0103, 8 februarie, c\u0103 orice discu\u021bie privind posibilitatea desf\u0103\u0219ur\u0103rii de trupe germane de men\u021binere a p\u0103cii \u00een Ucraina este \u201eprematur\u0103 \u0219i nepotrivit\u0103\u201d. Scholz a subliniat, pentru RedaktionsNetzwerk Deutschland (RND), c\u0103 o astfel de abordare ar putea fi luat\u0103 \u00een considerare doar dup\u0103 ce va avea loc o \u00eencetare a conflictului \u0219i negocieri de pace concrete.<\/p>\n<p>\u201eAceste dezbateri mi se par necorespunz\u0103toare \u0219i premature\u201d, a afirmat cancelarului german, ad\u0103ug\u00e2nd c\u0103, \u00een acest moment, este prematur s\u0103 se discute despre garan\u021bii de securitate pentru Ucraina.<\/p>\n<p>Comentariile sale vin pe fondul intensific\u0103rii atacurilor ruse\u0219ti \u00een estul Ucrainei, unde Kievul se confrunt\u0103 cu dificult\u0103\u021bi semnificative \u00een men\u021binerea liniei frontului \u0219i \u00een ap\u0103rarea regiunii Done\u021bk. \u00cen ciuda pierderilor teritoriale, autorit\u0103\u021bile ucrainene sunt angajate \u00eentr-o lupt\u0103 cr\u00e2ncen\u0103 pentru a proteja ultimele bastioane r\u0103mase.<\/p>\n<p>\u00cen luna noiembrie, The Telegraph informa despre o posibil\u0103 propunere venit\u0103 din partea pre\u0219edintelui american Donald Trump de a implica trupe britanice \u0219i alte unit\u0103\u021bi europene \u00een stabilirea unei zone tampon \u00een Ucraina, ca parte a unui plan de pace. De asemenea, \u00een ciuda unor perspective mai nuan\u021bate, \u00eentrebarea despre viitorul ajutorului militar occidental pentru Ucraina r\u0103m\u00e2ne \u00eenc\u0103 deschis\u0103, \u00een condi\u021biile \u00een care Trump, sceptic \u00een privin\u021ba sprijinului acordat Ucrainei, ar putea \u00eencuraja ambele p\u0103r\u021bi s\u0103 ajung\u0103 la masa negocierilor.<\/p>\n<p>\u00cen acest context, Scholz a subliniat, totodat\u0103, c\u0103 \u201eUcraina va avea o armat\u0103 pe care nu o va putea finan\u021ba doar din propriile resurse. \u00cen acest sens, va trebui s\u0103 apel\u0103m la noi \u0219i la to\u021bi prietenii Ucrainei\u201d, a explicat el.<\/p>\n<p>Opozi\u021bia din Germania fa\u021b\u0103 de desf\u0103\u0219urarea trupelor germane \u00een Ucraina a fost exprimat\u0103 \u0219i de unii lideri politici din opozi\u021bie, precum Roderich Kiesewetter, deputat al Uniunii Cre\u0219tin-Democrate (CDU), care a sugerat c\u0103 Berlinul nu ar trebui s\u0103 exclud\u0103 aceast\u0103 op\u021biune dup\u0103 \u00eencheierea conflictului. \u00cen acela\u0219i timp, Regatul Unit \u0219i Fran\u021ba analizeaz\u0103 posibilitatea de a trimite trupe pentru a monitoriza o poten\u021bial\u0103 \u00eencetare a focului \u00een Ucraina.<\/p>\n<p>Garan\u021biile de securitate, \u201eprincipala problem\u0103\u201d \u00een discu\u021biile cu Trump<\/p>\n<p>Pre\u0219edintele ucrainean Volodimir Zelenski a declarat vineri, 7 februarie, c\u0103 tema garan\u021biilor de securitate pentru Ucraina reprezint\u0103 \u201eprincipala problem\u0103\u201d pe care vrea s\u0103 o abordeze \u00een discu\u021biile cu pre\u0219edintele american Donald Trump. Zelenski a subliniat c\u0103 este crucial s\u0103 aib\u0103 o \u00eent\u00e2lnire direct\u0103 cu Trump \u00eenainte de orice discu\u021bie cu Vladimir Putin, explic\u00e2nd c\u0103 \u201eeste important ca partenerii s\u0103 discute \u00eentre ei \u00eenainte de a purta discu\u021bii cu inamicul\u201d.<\/p>\n<p>De la \u00eenceputul r\u0103zboiului, Zelenski a adoptat o pozi\u021bie ferm\u0103, refuz\u00e2nd orice form\u0103 de negociere cu Rusia, av\u00e2nd \u00een vedere c\u0103 Moscova a \u00eenc\u0103lcat constant acordurile anterioare \u0219i c\u0103 \u00eencerc\u0103rile de dialog au e\u0219uat de-a lungul decadelor de conflict. \u201eAvem absolut totul pentru pace\u201d, a ad\u0103ugat Zelenski, subliniind angajamentul s\u0103u ferm fa\u021b\u0103 de solu\u021biile diplomatice.<\/p>\n<p>\u00cen cadrul acelea\u0219i declara\u021bii, Zelenski a abordat \u0219i oferta Kievului de a achizi\u021biona \u0219i stoca gaze naturale lichefiate (GNL) din SUA, pe care administra\u021bia american\u0103 o consider\u0103 o oportunitate important\u0103. \u201eEste foarte interesant pentru noi \u0219i suntem preg\u0103ti\u021bi s\u0103 \u00eencheiem contracte pentru livr\u0103ri de GNL \u00een Ucraina. Vom deveni, de asemenea, un hub important pentru \u00eentreaga Europ\u0103\u201d, a spus Zelenski, indic\u00e2nd un viitor \u00een care Ucraina va avea un rol semnificativ \u00een securitatea energetic\u0103 european\u0103.<\/p>","protected":false},"excerpt":{"rendered":"<p>Cancelarul german Olaf Scholz a declarat, \u00eentr-un interviu acordat s\u00e2mb\u0103t\u0103, 8 februarie, c\u0103 orice discu\u021bie&hellip;<\/p>\n","protected":false},"author":0,"featured_media":30267,"comment_status":"open","ping_status":"open","sticky":false,"template":"","format":"standard","meta":{"footnotes":""},"categories":[2],"tags":[],"class_list":["post-30270","post","type-post","status-publish","format-standard","has-post-thumbnail","hentry","category-actual"],"_links":{"self":[{"href":"https:\/\/247stiri.ro\/index.php\/wp-json\/wp\/v2\/posts\/30270","targetHints":{"allow":["GET"]}}],"collection":[{"href":"https:\/\/247stiri.ro\/index.php\/wp-json\/wp\/v2\/posts"}],"about":[{"href":"https:\/\/247stiri.ro\/index.php\/wp-json\/wp\/v2\/types\/post"}],"replies":[{"embeddable":true,"href":"https:\/\/247stiri.ro\/index.php\/wp-json\/wp\/v2\/comments?post=30270"}],"version-history":[{"count":0,"href":"https:\/\/247stiri.ro\/index.php\/wp-json\/wp\/v2\/posts\/30270\/revisions"}],"wp:featuredmedia":[{"embeddable":true,"href":"https:\/\/247stiri.ro\/index.php\/wp-json\/wp\/v2\/media\/30267"}],"wp:attachment":[{"href":"https:\/\/247stiri.ro\/index.php\/wp-json\/wp\/v2\/media?parent=30270"}],"wp:term":[{"taxonomy":"category","embeddable":true,"href":"https:\/\/247stiri.ro\/index.php\/wp-json\/wp\/v2\/categories?post=30270"},{"taxonomy":"post_tag","embeddable":true,"href":"https:\/\/247stiri.ro\/index.php\/wp-json\/wp\/v2\/tags?post=30270"}],"curies":[{"name":"wp","href":"https:\/\/api.w.org\/{rel}","templated":true}]}}