{"id":30271,"date":"2025-02-09T11:47:34","date_gmt":"2025-02-09T11:47:34","guid":{"rendered":"https:\/\/247stiri.ro\/index.php\/2025\/02\/09\/a-vorbit-trump-cu-putin-despre-incetarea-razboiului-din-ucraina-ce-spune-dmitri-peskov-purtatorul-de-cuvant-de-la-kremlin\/"},"modified":"2025-02-09T11:47:34","modified_gmt":"2025-02-09T11:47:34","slug":"a-vorbit-trump-cu-putin-despre-incetarea-razboiului-din-ucraina-ce-spune-dmitri-peskov-purtatorul-de-cuvant-de-la-kremlin","status":"publish","type":"post","link":"https:\/\/247stiri.ro\/index.php\/2025\/02\/09\/a-vorbit-trump-cu-putin-despre-incetarea-razboiului-din-ucraina-ce-spune-dmitri-peskov-purtatorul-de-cuvant-de-la-kremlin\/","title":{"rendered":"A vorbit Trump cu Putin despre \u00eencetarea r\u0103zboiului din Ucraina? Ce spune Dmitri Peskov, purt\u0103torul de cuv\u00e2nt de la Kremlin"},"content":{"rendered":"<p>Purt\u0103torul de cuv\u00e2nt al pre\u0219edin\u021biei ruse, Dmitri Peskov, a declarat c\u0103 nu poate nici confirma, nici infirma relat\u0103rile privind contactele dintre liderul rus Vladimir Putin \u0219i pre\u0219edintele american Donald Trump pe tema Ucrainei, relateaz\u0103 TASS.<\/p>\n<p>\u201dCe putem spune despre aceast\u0103 \u0219tire: \u00een timp ce administra\u021bia de la Washington \u00ee\u0219i desf\u0103\u0219oar\u0103 activitatea, exist\u0103 o mul\u021bime de comunic\u0103ri diferite. Iar aceste comunic\u0103ri sunt purtate prin diferite canale. \u0218i, desigur, \u00een mijlocul multiplicit\u0103\u021bii acestor comunic\u0103ri, eu personal s-ar putea s\u0103 nu \u0219tiu ceva, s\u0103 nu fiu la curent cu ceva. Deci, \u00een acest caz, nu pot nici s\u0103 confirm, nici s\u0103 infirm\u201d, a declarat purt\u0103torul de cuv\u00e2nt al Kremlinului, \u00eentrebat de TASS dac\u0103 Putin \u0219i Trump au avut o conversa\u021bie telefonic\u0103 dup\u0103 inaugurarea liderului american.<\/p>\n<p>Pre\u0219edintele Trump a sus\u021binut c\u0103 a vorbit la telefon cu liderul rus Vladimir Putin pentru a \u00eencerca s\u0103 negocieze \u00eencetarea r\u0103zboiului din Ucraina. &#8216;Mai bine nu a\u0219 spune&#8217;, a spus Trump c\u00e2nd a fost \u00eentrebat de c\u00e2te ori au vorbit cei doi lideri, a relatat New York Post la 8 februarie.<\/p>\n<p>Potrivit relat\u0103rii, Trump crede c\u0103 lui Putin &#8216;\u00eei pas\u0103&#8217; de crimele de pe c\u00e2mpul de lupt\u0103. &#8216;Vrea s\u0103 vad\u0103 c\u0103 oamenii nu mai mor&#8217;, a spus Trump. &#8216;To\u021bi acei oameni mor\u021bi. Tineri, tineri, oameni frumo\u0219i. Sunt ca \u0219i copiii t\u0103i, dou\u0103 milioane dintre ei &#8211; \u0219i f\u0103r\u0103 niciun motiv&#8217;.<\/p>\n<p>&#8216;Am avut \u00eentotdeauna o rela\u021bie bun\u0103 cu Putin&#8217;, a spus el, spre deosebire de predecesorul s\u0103u. &#8216;Biden a fost o ru\u0219ine pentru na\u021biunea noastr\u0103. O ru\u0219ine total\u0103&#8217;.<\/p>\n<p>Trump a mai afirmat c\u0103 are un plan concret pentru a pune cap\u0103t r\u0103zboiului.<\/p>\n<p>&#8216;Sper s\u0103 fie rapid. \u00cen fiecare zi mor oameni. R\u0103zboiul este at\u00e2t de r\u0103u \u00een Ucraina. Vreau s\u0103 pun cap\u0103t acestui lucru nenorocit&#8217;.<\/p>\n<p>Adres\u00e2ndu-se consilierului pentru securitate na\u021bional\u0103 Mike Waltz, care i s-a al\u0103turat \u00een biroul s\u0103u de la bordul Air Force One vineri seara, pre\u0219edintele a spus: &#8216;S\u0103 \u00eencepem aceste \u00eent\u00e2lniri. Ei vor s\u0103 se \u00eent\u00e2lneasc\u0103. \u00cen fiecare zi mor oameni. Solda\u021bi tineri \u0219i frumo\u0219i sunt uci\u0219i. B\u0103rba\u021bi tineri, ca fiii mei. De ambele p\u0103r\u021bi. Pe tot c\u00e2mpul de lupt\u0103&#8217;.<\/p>\n<p>Vicepre\u0219edintele Vance se va \u00eent\u00e2lni s\u0103pt\u0103m\u00e2na viitoare cu pre\u0219edintele Ucrainei, Volodimir Zelenski, \u00een cadrul Conferin\u021bei de Securitate de la Munchen. Trump a declarat c\u0103 dore\u0219te s\u0103 \u00eencheie un acord de 500 de milioane de dolari cu Zelenski pentru a avea acces la minereurile de p\u0103m\u00e2nturi rare \u0219i la gazul din Ucraina, \u00een schimbul unor garan\u021bii de securitate \u00een cadrul unei eventuale solu\u021bii de pace, mai scrie New York Post.<\/p>\n<p>R\u0103zboiul din Ucraina trebuie s\u0103 se \u00eencheie printr-o solu\u021bie negociat\u0103, \u00een care ambele p\u0103r\u021bi vor trebui s\u0103 fac\u0103 concesii. Acest proces va necesita o diploma\u021bie ferm\u0103 \u0219i abil\u0103. Doar Statele Unite, sub conducerea pre\u0219edintelui Trump, pot transforma acest obiectiv \u00een realitate, a postat Ambasada Statelor Unite \u00een Rom\u00e2nia pe pagina sa de Facebook.<\/p>\n<p>Potrivit secretarului de stat Marco Rubio, citat \u00een postare, acest conflict trebuie s\u0103 se \u00eencheie \u00eentr-o manier\u0103 durabil\u0103, deoarece nu mai poate fi sus\u021binut de niciuna dintre p\u0103r\u021bile implicate.<\/p>","protected":false},"excerpt":{"rendered":"<p>Purt\u0103torul de cuv\u00e2nt al pre\u0219edin\u021biei ruse, Dmitri Peskov, a declarat c\u0103 nu poate nici confirma,&hellip;<\/p>\n","protected":false},"author":0,"featured_media":30260,"comment_status":"open","ping_status":"open","sticky":false,"template":"","format":"standard","meta":{"footnotes":""},"categories":[2],"tags":[],"class_list":["post-30271","post","type-post","status-publish","format-standard","has-post-thumbnail","hentry","category-actual"],"_links":{"self":[{"href":"https:\/\/247stiri.ro\/index.php\/wp-json\/wp\/v2\/posts\/30271","targetHints":{"allow":["GET"]}}],"collection":[{"href":"https:\/\/247stiri.ro\/index.php\/wp-json\/wp\/v2\/posts"}],"about":[{"href":"https:\/\/247stiri.ro\/index.php\/wp-json\/wp\/v2\/types\/post"}],"replies":[{"embeddable":true,"href":"https:\/\/247stiri.ro\/index.php\/wp-json\/wp\/v2\/comments?post=30271"}],"version-history":[{"count":0,"href":"https:\/\/247stiri.ro\/index.php\/wp-json\/wp\/v2\/posts\/30271\/revisions"}],"wp:featuredmedia":[{"embeddable":true,"href":"https:\/\/247stiri.ro\/index.php\/wp-json\/wp\/v2\/media\/30260"}],"wp:attachment":[{"href":"https:\/\/247stiri.ro\/index.php\/wp-json\/wp\/v2\/media?parent=30271"}],"wp:term":[{"taxonomy":"category","embeddable":true,"href":"https:\/\/247stiri.ro\/index.php\/wp-json\/wp\/v2\/categories?post=30271"},{"taxonomy":"post_tag","embeddable":true,"href":"https:\/\/247stiri.ro\/index.php\/wp-json\/wp\/v2\/tags?post=30271"}],"curies":[{"name":"wp","href":"https:\/\/api.w.org\/{rel}","templated":true}]}}