{"id":3028,"date":"2024-10-30T09:45:21","date_gmt":"2024-10-30T09:45:21","guid":{"rendered":"https:\/\/247stiri.ro\/index.php\/2024\/10\/30\/florin-roman-critici-dure-psd-face-dovada-abandonarii-cinice-a-minerilor-pe-care-i-a-folosit-doar-in-scop-politic\/"},"modified":"2024-10-30T09:45:21","modified_gmt":"2024-10-30T09:45:21","slug":"florin-roman-critici-dure-psd-face-dovada-abandonarii-cinice-a-minerilor-pe-care-i-a-folosit-doar-in-scop-politic","status":"publish","type":"post","link":"https:\/\/247stiri.ro\/index.php\/2024\/10\/30\/florin-roman-critici-dure-psd-face-dovada-abandonarii-cinice-a-minerilor-pe-care-i-a-folosit-doar-in-scop-politic\/","title":{"rendered":"Florin Roman, critici dure: PSD face dovada abandon\u0103rii cinice a minerilor pe care i-a folosit doar \u00een scop politic"},"content":{"rendered":"<p>&#8222;Marcel Ciolacu \u0219i PSD nu sus\u021bin \u00eendreptarea inechit\u0103\u021bilor din noua lege, prin care minerilor, siderurgi\u0219tilor, ceferi\u0219tilor, celor care au muncit \u00een condi\u021bii grele de munc\u0103, le-au fost \u00eenghe\u021bate pensiile.<\/p>\n<p>Este punctul de vedere oficial al domnului Ciolacu \u0219i PSD, dup\u0103 ce acesta a afirmat public, mai \u00eent\u00e2i ca nu se umbl\u0103 la noua lege, timp de 5 ani, iar mai apoi, \u00een fa\u021ba protestelor celor nemul\u021bumi\u021bi a nuan\u021bat spun\u00e2nd ca va negocia cu Comisia European\u0103.<\/p>\n<p>Este o nou\u0103 dovad\u0103 a minciunilor spuse de PSD \u0219i Marcel Ciolacu \u0219i o abandonare cinica a minerilor, pe care PSD i-a folosit doar \u00een scop politic, dac\u0103 ne amintim de 13-15 iunie sau de mineriade.\u00a0<\/p>\n<p>Este evident pentru toat\u0103 lumea, mai pu\u021bin pentru PSD \u0219i Marcel Ciolacu, ca ace\u0219ti pensionari mineri, siderurgi\u0219ti, ceferi\u0219ti, cei care au lucrat \u00een subteran, frig, sau la temperaturi ridicate, nu au nici o vin\u0103 ca s-au pensionat la stagii de cotizare mai mici cum le permitea legea. Acum, PSD \u0219i Marcel Ciolacu, le \u00eenghea\u021b\u0103 pensiile iar neindexarea timp de 5 ani, \u00eenseamn\u0103 practic sc\u0103derea lor.<\/p>\n<p>Ne vom lupta \u00een continuare cu PSD \u0219i Marcel Ciolacu pentru \u00eendep\u0103rtarea inechit\u0103\u021bilor, exact cum am f\u0103cut pentru pensiile militarilor. \u00cen cazul unui guvern rezultat \u00een alegeri, f\u0103r\u0103 PSD, PNL va face dreptate minerilor!&#8221;, scrie deputatul PNL Florin Roman, \u00eentr-o postare pe Facebook.\u00a0<\/p>","protected":false},"excerpt":{"rendered":"<p>&#8222;Marcel Ciolacu \u0219i PSD nu sus\u021bin \u00eendreptarea inechit\u0103\u021bilor din noua lege, prin care minerilor, siderurgi\u0219tilor,&hellip;<\/p>\n","protected":false},"author":0,"featured_media":3029,"comment_status":"open","ping_status":"open","sticky":false,"template":"","format":"standard","meta":{"footnotes":""},"categories":[3],"tags":[],"class_list":["post-3028","post","type-post","status-publish","format-standard","has-post-thumbnail","hentry","category-politica"],"_links":{"self":[{"href":"https:\/\/247stiri.ro\/index.php\/wp-json\/wp\/v2\/posts\/3028","targetHints":{"allow":["GET"]}}],"collection":[{"href":"https:\/\/247stiri.ro\/index.php\/wp-json\/wp\/v2\/posts"}],"about":[{"href":"https:\/\/247stiri.ro\/index.php\/wp-json\/wp\/v2\/types\/post"}],"replies":[{"embeddable":true,"href":"https:\/\/247stiri.ro\/index.php\/wp-json\/wp\/v2\/comments?post=3028"}],"version-history":[{"count":0,"href":"https:\/\/247stiri.ro\/index.php\/wp-json\/wp\/v2\/posts\/3028\/revisions"}],"wp:featuredmedia":[{"embeddable":true,"href":"https:\/\/247stiri.ro\/index.php\/wp-json\/wp\/v2\/media\/3029"}],"wp:attachment":[{"href":"https:\/\/247stiri.ro\/index.php\/wp-json\/wp\/v2\/media?parent=3028"}],"wp:term":[{"taxonomy":"category","embeddable":true,"href":"https:\/\/247stiri.ro\/index.php\/wp-json\/wp\/v2\/categories?post=3028"},{"taxonomy":"post_tag","embeddable":true,"href":"https:\/\/247stiri.ro\/index.php\/wp-json\/wp\/v2\/tags?post=3028"}],"curies":[{"name":"wp","href":"https:\/\/api.w.org\/{rel}","templated":true}]}}