{"id":30289,"date":"2025-02-09T13:45:31","date_gmt":"2025-02-09T13:45:31","guid":{"rendered":"https:\/\/247stiri.ro\/index.php\/2025\/02\/09\/scandalul-de-la-urziceni-filtre-in-tara-pentru-prinderea-scandalagiilor\/"},"modified":"2025-02-09T13:45:31","modified_gmt":"2025-02-09T13:45:31","slug":"scandalul-de-la-urziceni-filtre-in-tara-pentru-prinderea-scandalagiilor","status":"publish","type":"post","link":"https:\/\/247stiri.ro\/index.php\/2025\/02\/09\/scandalul-de-la-urziceni-filtre-in-tara-pentru-prinderea-scandalagiilor\/","title":{"rendered":"Scandalul de la Urziceni. Filtre \u00een \u021bar\u0103 pentru prinderea scandalagiilor"},"content":{"rendered":"<p>Parchetul de pe l\u00e2ng\u0103 Curtea de Apel Bucure\u015fti a preluat dosarul penal deschis \u00een urma scandalului din Urziceni soldat cu doi mor\u0163i \u015fi trei r\u0103ni\u0163i, a anun\u021bat duminic\u0103, 9 februarie, Inspectoratul de Poli\u0163ie Jude\u0163ean Ialomi\u0163a.<\/p>\n<p>Conducerea Poli\u0163iei Rom\u00e2ne a dispus ca, \u00een cadrul anchetei derulate, s\u0103 acorde sprijin speciali\u015fti din cadrul IGPR, respectiv- Direc\u0163ia de Investiga\u0163ii Criminale, Direc\u0163ia Arme Explozivi \u015fi Substan\u0163e periculoase \u015fi Direc\u0163ia de Ordine Public\u0103.<\/p>\n<p>De asemenea, la acest moment, sunt instituite filtre, \u00een jude\u0163ul Ialomi\u0163a, precum \u015fi \u00een jude\u0163ele limitrofe\/Capital\u0103, \u00een care sunt angrena\u0163i poli\u0163i\u015fti din cadrul unit\u0103\u0163ilor teritoriale, precum \u015fi lupt\u0103tori din cadrul SIAS-IGPR.<\/p>\n<p>Oficialii Inspectoratului de Poli\u0163ie Jude\u0163ean Ialomi\u0163a a mai anun\u021bat c\u0103 procurorii Parchetului de pe l\u00e2ng\u0103 Curtea de Apel Bucure\u015fti au preluat dosarul deschis \u00een urma b\u0103t\u0103ii care a avut loc \u00een Urziceni \u015fi la care au participat peste 25 de persoane, dou\u0103 fiind omor\u00e2te \u015fi alte cinci ajung\u00e2nd la spital<\/p>\n<p>Surse judiciare au declarat, pentru News.ro, c\u0103 la nivelul IPJ Ialomi\u0163a dosarul a fost deschis pentru infrac\u0163iuni de omor calificat, tulburarea ordinii \u015fi lini\u015ftii publice, loviri sau alte violen\u0163e, uz de arm\u0103 f\u0103r\u0103 drept, nerespectarea regimului armelor \u015fi muni\u0163iilor \u015fi amenin\u0163are, \u00eens\u0103 este posibil ca \u00eencadrarea juridic\u0103 s\u0103 fie schimbat\u0103.<\/p>\n<p>Conform surselor citate, la anchet\u0103 lucreaz\u0103 investigatori din cadrul Inspectoratului General al Poli\u0163iei Rom\u00e2ne, al\u0103turi de procurori.<\/p>\n<p>B\u0103taia a pornit de la ne\u00een\u0163elegeri legate de rela\u0163ia dintre un b\u0103iat \u015fi fat\u0103, membri ai unor clanuri din jude\u0163ele Prahova \u015fi Ialomi\u0163a. T\u00e2n\u0103ra ar fi trebuit s\u0103 se c\u0103s\u0103toreasc\u0103 cu un b\u0103iat din cealalt\u0103 tab\u0103r\u0103, \u00eens\u0103 p\u0103rin\u021bii ei s-au r\u0103zg\u00e2ndit, iar lucrurile au degenerat \u00een plin\u0103 strad\u0103.<\/p>\n<p>Noi imagini au surprins atacatorii \u00eenarma\u021bi cu b\u00e2te, r\u0103ngi \u0219i chiar cu o arm\u0103 de foc, iar poli\u021bi\u0219tii au instituit filtre \u00een mai multe jude\u021be pentru a-i prinde pe suspec\u021bii de crim\u0103.<\/p>\n<p>Potrivit News.ro, la nivelul IPJ Ialomi\u0163a dosarul a fost deschis pentru infrac\u0163iuni de omor calificat, tulburarea ordinii \u015fi lini\u015ftii publice, loviri sau alte violen\u0163e, uz de arm\u0103 f\u0103r\u0103 drept, nerespectarea regimului armelor \u015fi muni\u0163iilor \u015fi amenin\u0163are, \u00eens\u0103 este posibil ca \u00eencadrarea juridic\u0103 s\u0103 fie schimbat\u0103.<\/p>\n<p>Zeci de persoane au fost implicate \u00een conflict<\/p>\n<p>\u00a0<\/p>\n<p>\u201eLa fa\u0163a locului au fost trimise mai multe echipe operative de ordine public\u0103, rutier\u0103 \u015fi investiga\u0163ii criminale, <a href=\"https:\/\/ziare.com\/scandal\/urziceni-bataie-politie-europol-1922537\" target=\"_blank\">conflictul<\/a> fiind aplanat \u00een cel mai scurt timp. Au fost implicate peste 25 de persoane, dintre care cinci au ajuns la unit\u0103\u0163i medicale din municipiile Urziceni \u015fi Bucure\u015fti pentru \u00eengrijiri medicale. Dou\u0103 persoane dintre cele ajunse la spital au decedat\u201d, a transmis IPJ Ialomi\u021ba.<\/p>\n<p>Dou\u0103 persoane au decedat, iar alte trei au fost r\u0103nite \u00een urma unui scandal violent care a avut loc, s\u00e2mb\u0103t\u0103, \u00een municipiul Urziceni.<\/p>\n\n<p>Imaginile surprinse de la fa\u021ba locului arat\u0103 momentul \u00een care mai mul\u021bi indivizi, \u00eenarma\u021bi cu obiecte contondente \u0219i o arm\u0103 de foc, se adun\u0103 \u00een strad\u0103 \u0219i pornesc \u00eenspre rivali.<\/p>","protected":false},"excerpt":{"rendered":"<p>Parchetul de pe l\u00e2ng\u0103 Curtea de Apel Bucure\u015fti a preluat dosarul penal deschis \u00een urma&hellip;<\/p>\n","protected":false},"author":0,"featured_media":30290,"comment_status":"open","ping_status":"open","sticky":false,"template":"","format":"standard","meta":{"footnotes":""},"categories":[2],"tags":[],"class_list":["post-30289","post","type-post","status-publish","format-standard","has-post-thumbnail","hentry","category-actual"],"_links":{"self":[{"href":"https:\/\/247stiri.ro\/index.php\/wp-json\/wp\/v2\/posts\/30289","targetHints":{"allow":["GET"]}}],"collection":[{"href":"https:\/\/247stiri.ro\/index.php\/wp-json\/wp\/v2\/posts"}],"about":[{"href":"https:\/\/247stiri.ro\/index.php\/wp-json\/wp\/v2\/types\/post"}],"replies":[{"embeddable":true,"href":"https:\/\/247stiri.ro\/index.php\/wp-json\/wp\/v2\/comments?post=30289"}],"version-history":[{"count":0,"href":"https:\/\/247stiri.ro\/index.php\/wp-json\/wp\/v2\/posts\/30289\/revisions"}],"wp:featuredmedia":[{"embeddable":true,"href":"https:\/\/247stiri.ro\/index.php\/wp-json\/wp\/v2\/media\/30290"}],"wp:attachment":[{"href":"https:\/\/247stiri.ro\/index.php\/wp-json\/wp\/v2\/media?parent=30289"}],"wp:term":[{"taxonomy":"category","embeddable":true,"href":"https:\/\/247stiri.ro\/index.php\/wp-json\/wp\/v2\/categories?post=30289"},{"taxonomy":"post_tag","embeddable":true,"href":"https:\/\/247stiri.ro\/index.php\/wp-json\/wp\/v2\/tags?post=30289"}],"curies":[{"name":"wp","href":"https:\/\/api.w.org\/{rel}","templated":true}]}}