{"id":30310,"date":"2025-02-09T15:49:31","date_gmt":"2025-02-09T15:49:31","guid":{"rendered":"https:\/\/247stiri.ro\/index.php\/2025\/02\/09\/efectul-iohannis-faraon-la-catedra-perioada-in-care-poate-fi-blocat-un-post-din-invatamant-pentru-un-demnitar-ar-putea-fi-redusa\/"},"modified":"2025-02-09T15:49:31","modified_gmt":"2025-02-09T15:49:31","slug":"efectul-iohannis-faraon-la-catedra-perioada-in-care-poate-fi-blocat-un-post-din-invatamant-pentru-un-demnitar-ar-putea-fi-redusa","status":"publish","type":"post","link":"https:\/\/247stiri.ro\/index.php\/2025\/02\/09\/efectul-iohannis-faraon-la-catedra-perioada-in-care-poate-fi-blocat-un-post-din-invatamant-pentru-un-demnitar-ar-putea-fi-redusa\/","title":{"rendered":"Efectul Iohannis, faraon la catedr\u0103. Perioada \u00een care poate fi blocat un post din \u00eenv\u0103\u021b\u0103m\u00e2nt pentru un demnitar ar putea fi redus\u0103"},"content":{"rendered":"<p>Cadrele didactice care ajung s\u0103 fie alese sau desemnate \u00een func\u021bii publice \u0219i-ar putea bloca posturile din \u00eenv\u0103\u021b\u0103m\u00e2nt doar pentru o perioad\u0103 de cinci ani. Este o propunere a USR pe care inclus-o \u00eentr-un proiect de lege aflat \u00een dezbaterea Senatului, potrivit Rador.<\/p>\n<p>Ini\u021biatorii arat\u0103 c\u0103 a actuala legisla\u021bie nu impune o limit\u0103, ceea ce afecteaz\u0103 mobilitatea cadrelor didactice \u0219i procesul educa\u021bional. Conform noilor reguli, profesorii ar urma s\u0103 fie obliga\u021bi ca la finalul celor cinci ani \u00een care \u0219i-au blocat postul la catedr\u0103 s\u0103 decid\u0103 dac\u0103 revin \u00een \u00eenv\u0103\u021b\u0103m\u00e2nt sau \u00ee\u0219i continu\u0103 activitatea \u00een func\u021bia de demnitate public\u0103 ocupat\u0103.<\/p>\n<p>Propunerea vine \u00een contextul informa\u021biilor potrivit c\u0103rora posturile de profesor al viitorului candidat la pre\u0219edin\u021bie Crin Antonescu \u0219i al \u0219efului statului, Klaus Iohannis, au fost blocate timp de mai bine de 20 de ani dup\u0103 implicarea lor \u00een politic\u0103. \u00centrebat cu privire la acest subiect, ministrul educa\u021biei, Daniel David, a afirmat c\u0103 \u021bine de reglement\u0103rile care exist\u0103 \u00een domeniu \u0219i nu a exclus o modificare legislativ\u0103.<\/p>","protected":false},"excerpt":{"rendered":"<p>Cadrele didactice care ajung s\u0103 fie alese sau desemnate \u00een func\u021bii publice \u0219i-ar putea bloca&hellip;<\/p>\n","protected":false},"author":0,"featured_media":30311,"comment_status":"open","ping_status":"open","sticky":false,"template":"","format":"standard","meta":{"footnotes":""},"categories":[2],"tags":[],"class_list":["post-30310","post","type-post","status-publish","format-standard","has-post-thumbnail","hentry","category-actual"],"_links":{"self":[{"href":"https:\/\/247stiri.ro\/index.php\/wp-json\/wp\/v2\/posts\/30310","targetHints":{"allow":["GET"]}}],"collection":[{"href":"https:\/\/247stiri.ro\/index.php\/wp-json\/wp\/v2\/posts"}],"about":[{"href":"https:\/\/247stiri.ro\/index.php\/wp-json\/wp\/v2\/types\/post"}],"replies":[{"embeddable":true,"href":"https:\/\/247stiri.ro\/index.php\/wp-json\/wp\/v2\/comments?post=30310"}],"version-history":[{"count":0,"href":"https:\/\/247stiri.ro\/index.php\/wp-json\/wp\/v2\/posts\/30310\/revisions"}],"wp:featuredmedia":[{"embeddable":true,"href":"https:\/\/247stiri.ro\/index.php\/wp-json\/wp\/v2\/media\/30311"}],"wp:attachment":[{"href":"https:\/\/247stiri.ro\/index.php\/wp-json\/wp\/v2\/media?parent=30310"}],"wp:term":[{"taxonomy":"category","embeddable":true,"href":"https:\/\/247stiri.ro\/index.php\/wp-json\/wp\/v2\/categories?post=30310"},{"taxonomy":"post_tag","embeddable":true,"href":"https:\/\/247stiri.ro\/index.php\/wp-json\/wp\/v2\/tags?post=30310"}],"curies":[{"name":"wp","href":"https:\/\/api.w.org\/{rel}","templated":true}]}}