{"id":30317,"date":"2025-02-09T16:45:44","date_gmt":"2025-02-09T16:45:44","guid":{"rendered":"https:\/\/247stiri.ro\/index.php\/2025\/02\/09\/detalii-socante-despre-macelul-de-la-urziceni-arme-ingropate-in-gradina-si-mesaje-spartane-ale-agresorilor-murim-sau-luam-25-de-ani\/"},"modified":"2025-02-09T16:45:44","modified_gmt":"2025-02-09T16:45:44","slug":"detalii-socante-despre-macelul-de-la-urziceni-arme-ingropate-in-gradina-si-mesaje-spartane-ale-agresorilor-murim-sau-luam-25-de-ani","status":"publish","type":"post","link":"https:\/\/247stiri.ro\/index.php\/2025\/02\/09\/detalii-socante-despre-macelul-de-la-urziceni-arme-ingropate-in-gradina-si-mesaje-spartane-ale-agresorilor-murim-sau-luam-25-de-ani\/","title":{"rendered":"Detalii \u0219ocante despre m\u0103celul de la Urziceni. Arme \u00eengropate \u00een gr\u0103din\u0103 \u0219i mesaje spartane ale agresorilor: &#8222;Murim sau lu\u0103m 25 de ani&#8221;"},"content":{"rendered":"<p>Duminic\u0103, anchetatorii au descoperit mai multe arme de foc \u00eengropate \u00eentr-o curte de pe strada Rozelor, ascunse de una dintre familiile interlope implicate \u00een r\u0103fuial\u0103.<\/p>\n<p>&#8222;Suntem preg\u0103ti\u021bi s\u0103 murim sau s\u0103 lu\u0103m 25 de ani,&#8221; a strigat unul dintre interlopi \u00een videoclipul postat pe internet.<\/p>\n<p>Descoperirea armelor le-ar putea oferi anchetatorilor indicii esen\u021biale despre derularea conflictului s\u00e2ngeros. Cel mai probabil, acestea au fost folosite \u0219i apoi ascunse, pentru a ascunde probe din anchet\u0103.<\/p>\n<p>Surse din anchet\u0103 indic\u0103 faptul c\u0103 totul a pornit de la o disput\u0103 \u00eentre membrii celor dou\u0103 familii, una din Urziceni \u0219i alta din Prahova. Motivul ar fi fost o rela\u021bie dintre un b\u0103iat \u0219i o fat\u0103, ceea ce a condus la o escaladare a tensiunilor, culmin\u00e2nd cu violen\u021be extreme.<\/p>","protected":false},"excerpt":{"rendered":"<p>Duminic\u0103, anchetatorii au descoperit mai multe arme de foc \u00eengropate \u00eentr-o curte de pe strada&hellip;<\/p>\n","protected":false},"author":0,"featured_media":30318,"comment_status":"open","ping_status":"open","sticky":false,"template":"","format":"standard","meta":{"footnotes":""},"categories":[2],"tags":[],"class_list":["post-30317","post","type-post","status-publish","format-standard","has-post-thumbnail","hentry","category-actual"],"_links":{"self":[{"href":"https:\/\/247stiri.ro\/index.php\/wp-json\/wp\/v2\/posts\/30317","targetHints":{"allow":["GET"]}}],"collection":[{"href":"https:\/\/247stiri.ro\/index.php\/wp-json\/wp\/v2\/posts"}],"about":[{"href":"https:\/\/247stiri.ro\/index.php\/wp-json\/wp\/v2\/types\/post"}],"replies":[{"embeddable":true,"href":"https:\/\/247stiri.ro\/index.php\/wp-json\/wp\/v2\/comments?post=30317"}],"version-history":[{"count":0,"href":"https:\/\/247stiri.ro\/index.php\/wp-json\/wp\/v2\/posts\/30317\/revisions"}],"wp:featuredmedia":[{"embeddable":true,"href":"https:\/\/247stiri.ro\/index.php\/wp-json\/wp\/v2\/media\/30318"}],"wp:attachment":[{"href":"https:\/\/247stiri.ro\/index.php\/wp-json\/wp\/v2\/media?parent=30317"}],"wp:term":[{"taxonomy":"category","embeddable":true,"href":"https:\/\/247stiri.ro\/index.php\/wp-json\/wp\/v2\/categories?post=30317"},{"taxonomy":"post_tag","embeddable":true,"href":"https:\/\/247stiri.ro\/index.php\/wp-json\/wp\/v2\/tags?post=30317"}],"curies":[{"name":"wp","href":"https:\/\/api.w.org\/{rel}","templated":true}]}}