{"id":30319,"date":"2025-02-09T16:45:45","date_gmt":"2025-02-09T16:45:45","guid":{"rendered":"https:\/\/247stiri.ro\/index.php\/2025\/02\/09\/electrica-vine-cu-noi-precizari-privind-emiterea-facturilor-recalculate-retrase-si-retrimise-cu-intarziere\/"},"modified":"2025-02-09T16:45:45","modified_gmt":"2025-02-09T16:45:45","slug":"electrica-vine-cu-noi-precizari-privind-emiterea-facturilor-recalculate-retrase-si-retrimise-cu-intarziere","status":"publish","type":"post","link":"https:\/\/247stiri.ro\/index.php\/2025\/02\/09\/electrica-vine-cu-noi-precizari-privind-emiterea-facturilor-recalculate-retrase-si-retrimise-cu-intarziere\/","title":{"rendered":"Electrica vine cu noi preciz\u0103ri privind emiterea facturilor recalculate, retrase \u0219i retrimise cu \u00eent\u00e2rziere"},"content":{"rendered":"<p>Ca urmare a procesului de stornare, abona\u021bii vor primi:<\/p>\n<p>2 facturi storno:\u00a0cele dou\u0103 facturi au valoare negativ\u0103 \u0219i storneaz\u0103 \u00eentreaga contravaloare a facturilor emise pentru consumul de energie electric\u0103 realizat \u00een lunile octombrie \u0219i noiembrie 2024<\/p>\n<p>1 factur\u0103 recalculat\u0103: factura cuprinde contravaloarea consumului de energie electric\u0103 realizat \u00een lunile octombrie \u0219i noiembrie 2024 f\u0103r\u0103 contribu\u021bia CfD, al\u0103turi de contravaloarea consumului de energie electric\u0103 aferent lunilor decembrie 2024 \u0219i ianuarie 2025, dup\u0103 caz (\u00een func\u021bie de luna de emitere a acesteia).<\/p>\n<p>Dac\u0103 factura recalculat\u0103 este emis\u0103 \u00een luna ianuarie 2025, aceasta va cuprinde contravaloarea consumului de energie electric\u0103 realizat \u00een lunile octombrie \u0219i noiembrie 2024 f\u0103r\u0103 contribu\u021bia CfD, al\u0103turi de contravaloarea consumului de energie electric\u0103 aferent lunii decembrie 2024.<\/p>\n<p>Dac\u0103 factura recalculat\u0103 este emis\u0103 \u00een luna februarie 2025, aceasta va cuprinde contravaloarea consumului de energie electric\u0103 realizat \u00een lunile octombrie \u0219i noiembrie 2024 f\u0103r\u0103 contribu\u021bia CfD, al\u0103turi de contravaloarea consumului de energie electric\u0103 aferent lunilor decembrie 2024 \u0219i ianuarie 2025, scrie turdanews.ro.<\/p>\n<p>Acela\u0219i proces de stornare \u0219i retrimitere a facturilor este valabil \u0219i la celelalte mari companii energetice.\u00a0<\/p>\n<p>\u00a0<\/p>","protected":false},"excerpt":{"rendered":"<p>Ca urmare a procesului de stornare, abona\u021bii vor primi: 2 facturi storno:\u00a0cele dou\u0103 facturi au&hellip;<\/p>\n","protected":false},"author":0,"featured_media":30320,"comment_status":"open","ping_status":"open","sticky":false,"template":"","format":"standard","meta":{"footnotes":""},"categories":[2],"tags":[],"class_list":["post-30319","post","type-post","status-publish","format-standard","has-post-thumbnail","hentry","category-actual"],"_links":{"self":[{"href":"https:\/\/247stiri.ro\/index.php\/wp-json\/wp\/v2\/posts\/30319","targetHints":{"allow":["GET"]}}],"collection":[{"href":"https:\/\/247stiri.ro\/index.php\/wp-json\/wp\/v2\/posts"}],"about":[{"href":"https:\/\/247stiri.ro\/index.php\/wp-json\/wp\/v2\/types\/post"}],"replies":[{"embeddable":true,"href":"https:\/\/247stiri.ro\/index.php\/wp-json\/wp\/v2\/comments?post=30319"}],"version-history":[{"count":0,"href":"https:\/\/247stiri.ro\/index.php\/wp-json\/wp\/v2\/posts\/30319\/revisions"}],"wp:featuredmedia":[{"embeddable":true,"href":"https:\/\/247stiri.ro\/index.php\/wp-json\/wp\/v2\/media\/30320"}],"wp:attachment":[{"href":"https:\/\/247stiri.ro\/index.php\/wp-json\/wp\/v2\/media?parent=30319"}],"wp:term":[{"taxonomy":"category","embeddable":true,"href":"https:\/\/247stiri.ro\/index.php\/wp-json\/wp\/v2\/categories?post=30319"},{"taxonomy":"post_tag","embeddable":true,"href":"https:\/\/247stiri.ro\/index.php\/wp-json\/wp\/v2\/tags?post=30319"}],"curies":[{"name":"wp","href":"https:\/\/api.w.org\/{rel}","templated":true}]}}