{"id":30321,"date":"2025-02-09T16:45:46","date_gmt":"2025-02-09T16:45:46","guid":{"rendered":"https:\/\/247stiri.ro\/index.php\/2025\/02\/09\/valea-jiului-are-suficient-carbune-pentru-minerit-in-urmatorii-zeci-de-ani-studiu\/"},"modified":"2025-02-09T16:45:46","modified_gmt":"2025-02-09T16:45:46","slug":"valea-jiului-are-suficient-carbune-pentru-minerit-in-urmatorii-zeci-de-ani-studiu","status":"publish","type":"post","link":"https:\/\/247stiri.ro\/index.php\/2025\/02\/09\/valea-jiului-are-suficient-carbune-pentru-minerit-in-urmatorii-zeci-de-ani-studiu\/","title":{"rendered":"Valea Jiului are suficient c\u0103rbune pentru minerit \u00een urm\u0103torii zeci de ani &#8211; STUDIU"},"content":{"rendered":"<p>Cercetarea a fost f\u0103cut\u0103 la solicitarea Ministerului Energiei, care ia \u00een calcul prelungirea activit\u0103\u021bii \u00een cele patru mine r\u0103mase \u00een func\u021biune \u0219i care se afl\u0103 \u00eentr-un program de \u00eenchidere definitiv\u0103 p\u00e2n\u0103 \u00een 2032, convenit cu Comisia European\u0103, potrivit <a href=\"https:\/\/www.romania-actualitati.ro\/stiri\/economie\/studiu-valea-jiului-suficient-carbune-pentru-minerit-in-urmatorii-zeci-de-ani-id205851.html\" target=\"_blank\">Radio Rom\u00e2nia Actualit\u0103\u021bi.<\/a><\/p>\n<p>&#8222;De acum 20 de ani mai aveam vreo 80 de ani de exploatat \u00een subteran. (&#8230;) Singura problem\u0103 este a unor investi\u021bii \u0219i a utiliza metode moderne. Am ar\u0103tat c\u0103, \u00eentr-adev\u0103r, exist\u0103 resurse. Mineritul poate continua, dar, sigur, el trebuie s\u0103 continue \u00een ni\u0219te parametri de rentabilitate, a declarat rectorul Universit\u0103\u021bii Petro\u0219ani.Radu Mihai Sorin.<\/p>\n<p>\u00cen prezent, cele patru exploat\u0103ri miniere realizeaz\u0103 \u00een total o produc\u021bie de 500 de tone de c\u0103rbune pe zi, ceea ce arat\u0103 lipsa rentabilit\u0103\u021bii \u00een cazul \u00een care s-ar decide prelungirea func\u021bion\u0103rii.<\/p>\n<p>Investi\u021biile au lipsit \u00een ultimii ani, minele fiind men\u021binute la un minim de activitate, a\u0219a c\u0103 o posibil\u0103 revenire asupra \u00eenchiderii lor va trebui sus\u021binut\u0103 cu o finan\u021bare corespunz\u0103toare din partea statului.<\/p>","protected":false},"excerpt":{"rendered":"<p>Cercetarea a fost f\u0103cut\u0103 la solicitarea Ministerului Energiei, care ia \u00een calcul prelungirea activit\u0103\u021bii \u00een&hellip;<\/p>\n","protected":false},"author":0,"featured_media":30322,"comment_status":"open","ping_status":"open","sticky":false,"template":"","format":"standard","meta":{"footnotes":""},"categories":[2],"tags":[],"class_list":["post-30321","post","type-post","status-publish","format-standard","has-post-thumbnail","hentry","category-actual"],"_links":{"self":[{"href":"https:\/\/247stiri.ro\/index.php\/wp-json\/wp\/v2\/posts\/30321","targetHints":{"allow":["GET"]}}],"collection":[{"href":"https:\/\/247stiri.ro\/index.php\/wp-json\/wp\/v2\/posts"}],"about":[{"href":"https:\/\/247stiri.ro\/index.php\/wp-json\/wp\/v2\/types\/post"}],"replies":[{"embeddable":true,"href":"https:\/\/247stiri.ro\/index.php\/wp-json\/wp\/v2\/comments?post=30321"}],"version-history":[{"count":0,"href":"https:\/\/247stiri.ro\/index.php\/wp-json\/wp\/v2\/posts\/30321\/revisions"}],"wp:featuredmedia":[{"embeddable":true,"href":"https:\/\/247stiri.ro\/index.php\/wp-json\/wp\/v2\/media\/30322"}],"wp:attachment":[{"href":"https:\/\/247stiri.ro\/index.php\/wp-json\/wp\/v2\/media?parent=30321"}],"wp:term":[{"taxonomy":"category","embeddable":true,"href":"https:\/\/247stiri.ro\/index.php\/wp-json\/wp\/v2\/categories?post=30321"},{"taxonomy":"post_tag","embeddable":true,"href":"https:\/\/247stiri.ro\/index.php\/wp-json\/wp\/v2\/tags?post=30321"}],"curies":[{"name":"wp","href":"https:\/\/api.w.org\/{rel}","templated":true}]}}