{"id":30332,"date":"2025-02-09T18:46:10","date_gmt":"2025-02-09T18:46:10","guid":{"rendered":"https:\/\/247stiri.ro\/index.php\/2025\/02\/09\/miron-mitrea-il-face-praf-pe-iohannis-el-este-principalul-actor-de-campanie-pro-calin-georgescu\/"},"modified":"2025-02-09T18:46:10","modified_gmt":"2025-02-09T18:46:10","slug":"miron-mitrea-il-face-praf-pe-iohannis-el-este-principalul-actor-de-campanie-pro-calin-georgescu","status":"publish","type":"post","link":"https:\/\/247stiri.ro\/index.php\/2025\/02\/09\/miron-mitrea-il-face-praf-pe-iohannis-el-este-principalul-actor-de-campanie-pro-calin-georgescu\/","title":{"rendered":"Miron Mitrea \u00eel face praf pe Iohannis: El este principalul actor de campanie pro C\u0103lin Georgescu"},"content":{"rendered":"<p>&#8222;Faptul c\u0103 Iohannis se aga\u021b\u0103 de fotoliu de la Cotroceni, \u00eentr-o perioad\u0103 \u00een care oricum este \u00een afara mandatului, \u00eel pune \u00eentr-o pozi\u021bie extrem de proast\u0103 \u0219i pe el, \u0219i Coali\u021bia \u0219i pe candidatul Coali\u021biei.<\/p>\n<p>Iohannis este principalul sau unul dintre principalii actori de campanie electoral\u0103 pro-Georgescu.<\/p>\n<p>El este cel care, \u00een ochii lumii, la ordinal Bruxelleului, a anulat alegerile, cu ajutorul CCR, pl\u0103tit\u0103 cu zeci de mii de euro. At\u00e2ta vreme c\u00e2t Iohannis este la Cotroceni, va fi un balast pentru Crin Antonescu \u0219i va cre\u0219te povara acestui balast&#8221;, a afirmat Mitrea.<\/p>\n<p>De altfel, analistul politic a afirmat c\u0103, din punctul lui de vedere, &#8222;C\u0103lin Georgescu nu are probleme, merge \u00een pas de defilare&#8221;.\u00a0<\/p>","protected":false},"excerpt":{"rendered":"<p>&#8222;Faptul c\u0103 Iohannis se aga\u021b\u0103 de fotoliu de la Cotroceni, \u00eentr-o perioad\u0103 \u00een care oricum&hellip;<\/p>\n","protected":false},"author":0,"featured_media":30333,"comment_status":"open","ping_status":"open","sticky":false,"template":"","format":"standard","meta":{"footnotes":""},"categories":[3],"tags":[],"class_list":["post-30332","post","type-post","status-publish","format-standard","has-post-thumbnail","hentry","category-politica"],"_links":{"self":[{"href":"https:\/\/247stiri.ro\/index.php\/wp-json\/wp\/v2\/posts\/30332","targetHints":{"allow":["GET"]}}],"collection":[{"href":"https:\/\/247stiri.ro\/index.php\/wp-json\/wp\/v2\/posts"}],"about":[{"href":"https:\/\/247stiri.ro\/index.php\/wp-json\/wp\/v2\/types\/post"}],"replies":[{"embeddable":true,"href":"https:\/\/247stiri.ro\/index.php\/wp-json\/wp\/v2\/comments?post=30332"}],"version-history":[{"count":0,"href":"https:\/\/247stiri.ro\/index.php\/wp-json\/wp\/v2\/posts\/30332\/revisions"}],"wp:featuredmedia":[{"embeddable":true,"href":"https:\/\/247stiri.ro\/index.php\/wp-json\/wp\/v2\/media\/30333"}],"wp:attachment":[{"href":"https:\/\/247stiri.ro\/index.php\/wp-json\/wp\/v2\/media?parent=30332"}],"wp:term":[{"taxonomy":"category","embeddable":true,"href":"https:\/\/247stiri.ro\/index.php\/wp-json\/wp\/v2\/categories?post=30332"},{"taxonomy":"post_tag","embeddable":true,"href":"https:\/\/247stiri.ro\/index.php\/wp-json\/wp\/v2\/tags?post=30332"}],"curies":[{"name":"wp","href":"https:\/\/api.w.org\/{rel}","templated":true}]}}